{"id":11305,"date":"2020-03-25T21:43:54","date_gmt":"2020-03-25T21:43:54","guid":{"rendered":"https:\/\/www.basham.com.mx\/?p=11305"},"modified":"2020-03-25T21:43:54","modified_gmt":"2020-03-25T21:43:54","slug":"covid-19-actualizacion-en-materia-laboral","status":"publish","type":"post","link":"https:\/\/basham.com.mx\/en\/covid-19-actualizacion-en-materia-laboral\/","title":{"rendered":"COVID-19 ACTUALIZACI\u00d3N EN MATERIA LABORAL."},"content":{"rendered":"<p>En la versi\u00f3n vespertina del Diario Oficial de la Federaci\u00f3n del d\u00eda 24 de marzo de 2020, la Secretar\u00eda de Salud por conducto de su titular, Dr. Jorge Carlos Alcocer Varela, public\u00f3 un acuerdo en el que se se\u00f1alan medidas preventivas para mitigar y controlar los riesgos para la salud derivados de la pandemia de COVID-19.<\/p>\n<p>Tambi\u00e9n, minutos despu\u00e9s fue publicado el Decreto Presidencial que sanciona dicho acuerdo.<\/p>\n<p>Es importante mencionar que la publicaci\u00f3n no representa una declaratoria de emergencia sanitaria, lo que significa que las relaciones de trabajo siguen en sus t\u00e9rminos, salvo por los adultos mayores y las personas vulnerables de contraer la enfermedad (mujeres embarazadas o en periodo de lactancia, personas con discapacidad o con enfermedades cr\u00f3nicas) quienes deben dejar de trabajar con pago \u00edntegro de salario y prestaciones.<\/p>\n<p>El acuerdo tambi\u00e9n establece que se deber\u00e1n suspender hasta el 19 de abril de 2020, las actividades de todos los sectores que involucren concentraci\u00f3n f\u00edsica, tr\u00e1nsito o desplazamiento de personas, por lo que los patrones deber\u00e1n implementar las medidas necesarias para evitar estos supuestos.<br \/>\nEn el sector privado, empresas, negocios, establecimientos mercantiles y todos aquellos que resulten necesarios para hacer frente a la contingencia continuar\u00e1n laborando de forma normal, dentro de las cuales se encuentran de forma enunciativa, hospitales, cl\u00ednicas, farmacias, laboratorios, servicios m\u00e9dicos, financieros, telecomunicaciones y medios de informaci\u00f3n, servicios hoteleros y de restaurantes, gasolineras, mercados, supermercados, miscel\u00e1neas, servicios de transportes y distribuci\u00f3n de gas, siempre y cuando no correspondan a espacios cerrados con aglomeraciones.<\/p>\n<p>Deber\u00e1n suspenderse eventos masivos de m\u00e1s de cien personas y cumplir las medidas b\u00e1sicas de higiene que ha emitido la Secretar\u00eda de Salud.<\/p>\n<p>La publicaci\u00f3n es clara en el sentido que las relaciones de trabajo se mantendr\u00e1n y seguir\u00e1n rigi\u00e9ndose conforme a los contratos individuales, colectivos o contratos ley que correspondan, por lo que la interpretaci\u00f3n que debe darse es en el sentido que las relaciones de trabajo siguen en los mismos t\u00e9rminos y condiciones salvo por las excepciones anotadas.<\/p>\n<p>Ahora bien, en el momento que sea emitida si ello sucede, una declaratoria formal de emergencia sanitaria y dependiendo de su alcance, traer\u00e1 consecuencias laborales, es decir, suspensi\u00f3n de relaciones de trabajo y sus efectos (prestar servicio y pagar salario).<\/p>\n<p>En este supuesto, el patr\u00f3n tendr\u00e1 la obligaci\u00f3n de pagar a los empleados sin excepci\u00f3n, una indemnizaci\u00f3n de un salario m\u00ednimo por cada d\u00eda que dure la emergencia hasta el m\u00e1ximo de un mes.\u00a0Posteriormente no existir\u00e1 tal obligaci\u00f3n y entonces la relaci\u00f3n de trabajo y sus efectos se suspenden sin pago alguno ni prestaci\u00f3n de servicios.<\/p>\n<p>Desde luego si el patr\u00f3n decide continuar pagando salarios o una parte de estos, estar\u00e1 en su derecho como tambi\u00e9n negociar con el sindicato y los trabajadores cambio en las condiciones de trabajo incluso en este momento si las circunstancias lo ameritan.<\/p>\n<p>Los Licenciados Jorge G. De Presno Arizpe y Alvaro Gonz\u00e1lez-Schiaffino, socio l\u00edder y socio del \u00e1rea de derecho del trabajo de nuestra firma, junto con los asociados de nuestra pr\u00e1ctica nos reiteramos a sus \u00f3rdenes para precisar lo necesario.<\/p>\n<p>&nbsp;<\/p>\n<p style=\"text-align: center;\">ATTENTIVELY<\/p>\n<p style=\"text-align: center;\">Jorge De Presno<\/p>\n<p style=\"text-align: center;\">jorgedepresno@basham.com.mx<\/p>\n<p style=\"text-align: center;\">\u00c1lvaro Gonz\u00e1lez-Schiaffino<\/p>\n<p style=\"text-align: center;\">agonzalez@basham.com.mx<\/p>\n<p style=\"text-align: center;\">\n<p style=\"text-align: center;\">Ciudad de M\u00e9xico, 25 de marzo de 2020.<\/p>","protected":false},"excerpt":{"rendered":"<p>En la versi\u00f3n vespertina del Diario Oficial de la Federaci\u00f3n del d\u00eda 24 de marzo de 2020, la Secretar\u00eda de Salud por conducto de su titular, Dr. Jorge Carlos Alcocer Varela, public\u00f3 un acuerdo en el que se se\u00f1alan medidas preventivas para mitigar y controlar los riesgos para la salud derivados de la pandemia de [&hellip;]<\/p>","protected":false},"author":15,"featured_media":0,"comment_status":"closed","ping_status":"closed","sticky":false,"template":"","format":"standard","meta":{"_crdt_document":"","footnotes":""},"categories":[1354,1278,1252],"tags":[],"class_list":["post-11305","post","type-post","status-publish","format-standard","hentry","category-covid-19","category-derecho-del-trabajo","category-espanol"],"_links":{"self":[{"href":"https:\/\/basham.com.mx\/en\/wp-json\/wp\/v2\/posts\/11305","targetHints":{"allow":["GET"]}}],"collection":[{"href":"https:\/\/basham.com.mx\/en\/wp-json\/wp\/v2\/posts"}],"about":[{"href":"https:\/\/basham.com.mx\/en\/wp-json\/wp\/v2\/types\/post"}],"author":[{"embeddable":true,"href":"https:\/\/basham.com.mx\/en\/wp-json\/wp\/v2\/users\/15"}],"replies":[{"embeddable":true,"href":"https:\/\/basham.com.mx\/en\/wp-json\/wp\/v2\/comments?post=11305"}],"version-history":[{"count":0,"href":"https:\/\/basham.com.mx\/en\/wp-json\/wp\/v2\/posts\/11305\/revisions"}],"wp:attachment":[{"href":"https:\/\/basham.com.mx\/en\/wp-json\/wp\/v2\/media?parent=11305"}],"wp:term":[{"taxonomy":"category","embeddable":true,"href":"https:\/\/basham.com.mx\/en\/wp-json\/wp\/v2\/categories?post=11305"},{"taxonomy":"post_tag","embeddable":true,"href":"https:\/\/basham.com.mx\/en\/wp-json\/wp\/v2\/tags?post=11305"}],"curies":[{"name":"wp","href":"https:\/\/api.w.org\/{rel}","templated":true}]}}