{"id":11340,"date":"2020-03-27T20:25:49","date_gmt":"2020-03-27T20:25:49","guid":{"rendered":"https:\/\/www.basham.com.mx\/?p=11340"},"modified":"2020-03-27T20:25:49","modified_gmt":"2020-03-27T20:25:49","slug":"publica-la-secretaria-de-salud-medidas-preventivas-que-se-deberan-de-implementar-para-mitigar-y-controlar-los-riesgos-que-implica-para-la-salud-la-enfermedad-por-el-virus-sars-cov2-covid-19","status":"publish","type":"post","link":"https:\/\/basham.com.mx\/en\/publica-la-secretaria-de-salud-medidas-preventivas-que-se-deberan-de-implementar-para-mitigar-y-controlar-los-riesgos-que-implica-para-la-salud-la-enfermedad-por-el-virus-sars-cov2-covid-19\/","title":{"rendered":"THE SECRETARY OF HEALTH PUBLISHES PREVENTIVE MEASURES TO BE IMPLEMENTED TO MITIGATE AND CONTROL THE HEALTH RISKS OF SARS-CoV2 VIRUS DISEASE (COVID-19)."},"content":{"rendered":"<p style=\"text-align: right;\">Mexico City, March 27, 2020.<\/p>\n<p>El 24 de marzo de 2020, la Secretaria de Salud public\u00f3 en el Diario Oficial de la Federaci\u00f3n, el acuerdo mediante el cual se establecen las medidas preventivas para la mitigaci\u00f3n y el control de los riegos que implica, para la salud, el virus COVID-19, (en lo sucesivo el \u201cAcuerdo\u201d), mismo que entr\u00f3 en vigor el mismo d\u00eda de su publicaci\u00f3n.<\/p>\n<p>Las medidas que el Acuerdo ordena implementar, denominadas \u201cJornada Nacional de Sana Distancia\u201d, son las siguientes:<br \/>\n1. Distanciamiento social para evitar la propagaci\u00f3n del virus, teniendo como objetivo disminuir el contagio de persona a persona y reducir la carga de la enfermedad, para garantizar el acceso a la atenci\u00f3n medica hospitalaria.<\/p>\n<p>2. Medidas preventivas de los sectores p\u00fablico, privado y social en los siguientes t\u00e9rminos:<br \/>\na) Evitar la asistencia a centros de trabajo, espacios p\u00fablico sy otros lugares concurridos a:<br \/>\n\u2022 Adultos mayores de 65 a\u00f1os.<br \/>\n\u2022 Grupos de personas con riesgo a desarrollar enfermedad grave y\/o morir a causa de ella. Estos grupos incluyen a mujeres embarazadas o en periodo de lactancia; menores de 5 a\u00f1os; personas con discapacidad; personas con enfermedades cr\u00f3nicas no transmisibles tales como hipertensi\u00f3n arterial, pulmonar, insuficiencia renal, lupus, c\u00e1ncer, diabetes mellitus, obesidad, insuficiencia hep\u00e1tica o metab\u00f3lica, enfermedad card\u00edaca; y a aquellas personas con alg\u00fan padecimiento o tratamiento farmacol\u00f3gico que les genere supresi\u00f3n del sistema inmunol\u00f3gico.<\/p>\n<p>A estas personas se les deber\u00e1 otorgar permiso con goce de sueldo y dem\u00e1s prestaciones establecidas en el Acuerdo.<\/p>\n<p>b) Suspensi\u00f3n temporal de actividades escolares en todos los niveles hasta el pr\u00f3ximo 17 de abril de 2020.<\/p>\n<p>c) Suspensi\u00f3n temporal de actividades de los sectores p\u00fablicos, privados y sociales que requieran desplazamiento y\/o concentraciones f\u00edsicas de personas hasta el pr\u00f3ximo 19 de abril de 2020.<\/p>\n<p>Las dependencias y entidades de la Administraci\u00f3n P\u00fablica Federal deber\u00e1n instrumentar planes que garanticen la continuidad de sus operaciones para el cumplimiento de sus funciones esenciales, relacionadas con la mitigaci\u00f3n y control de los riesgos para salud que implica la enfermedad por el virus COVID-19 y garantizar los derechos humanos de las personas trabajadoras.<\/p>\n<p>Las empresas, negocios, establecimientos mercantiles y todos aqu\u00e9llos que resulten necesarios para hacer frente a la contingencia continuar\u00e1n operando. Dentro de este rubro se incluyen, de manera enunciativa, hospitales, cl\u00ednicas, farmacias, laboratorios, servicios m\u00e9dicos y financieros, telecomunicaciones y medios de informaci\u00f3n, servicios hoteleros y de restaurantes, gasolineras, mercados, supermercados, miscel\u00e1neas, servicios de transportes y distribuci\u00f3n de gas, siempre y cuando no correspondan a espacios cerrados con aglomeraciones.<\/p>\n<p>d) Suspensi\u00f3n de eventos masivos, reuniones y congregaciones de m\u00e1s de 100 personas.<\/p>\n<p>e) Cumplir con las medidas de higiene y con las recomendaciones de sana distancia (ej.: lavado frecuente de manos,<br \/>\nestornudar o toser cubriendo boca y nariz con un pa\u00f1uelo desechable o con el antebrazo, etc.).<\/p>\n<p>3. Deber\u00e1 existir comunicaci\u00f3n y coordinaci\u00f3n entre la Administraci\u00f3n P\u00fablica Federal y la Secretaria de Salud para la instrumentaci\u00f3n de las medidas previstas en el Acuerdo.<\/p>\n<p>4. La Secretaria de Salud ser\u00e1 la \u00fanica responsable de la emisi\u00f3n y empleo de la informaci\u00f3n oficial que derive del<br \/>\nAcuerdo.<\/p>\n<p>&nbsp;<\/p>\n<p style=\"text-align: center;\">Las pr\u00e1cticas de Derecho Administrativo y Derecho Corporativo continuar\u00e1n monitoreando e inform\u00e1ndoles de cualquier novedad que se presente en este tema.<\/p>\n<p style=\"text-align: center;\">ATTENTION,<\/p>\n<p style=\"text-align: center;\">Daniel del R\u00edo<br \/>\ndelrio@basham.com.mx<\/p>\n<p style=\"text-align: center;\">Juan Carlos Serra<br \/>\nserra@basham.com.mx<\/p>\n<p style=\"text-align: center;\">Rodolfo Barreda<br \/>\nrbarreda@basham.com.mx<\/p>\n<p style=\"text-align: center;\">Ricardo Evangelista<br \/>\nrevangelista@basham.com.mx<\/p>\n<p style=\"text-align: center;\">Mariana Arrieta<br \/>\nmarrieta@basham.com.mx<\/p>","protected":false},"excerpt":{"rendered":"<p>Ciudad de M\u00e9xico, 27 de marzo de 2020. El 24 de marzo de 2020, la Secretaria de Salud public\u00f3 en el Diario Oficial de la Federaci\u00f3n, el acuerdo mediante el cual se establecen las medidas preventivas para la mitigaci\u00f3n y el control de los riegos que implica, para la salud, el virus COVID-19, (en lo [&hellip;]<\/p>","protected":false},"author":15,"featured_media":0,"comment_status":"closed","ping_status":"closed","sticky":false,"template":"","format":"standard","meta":{"_crdt_document":"","footnotes":""},"categories":[1351,1354,1359,1252],"tags":[],"class_list":["post-11340","post","type-post","status-publish","format-standard","hentry","category-corporativo","category-covid-19","category-derecho-administrativo","category-espanol"],"_links":{"self":[{"href":"https:\/\/basham.com.mx\/en\/wp-json\/wp\/v2\/posts\/11340","targetHints":{"allow":["GET"]}}],"collection":[{"href":"https:\/\/basham.com.mx\/en\/wp-json\/wp\/v2\/posts"}],"about":[{"href":"https:\/\/basham.com.mx\/en\/wp-json\/wp\/v2\/types\/post"}],"author":[{"embeddable":true,"href":"https:\/\/basham.com.mx\/en\/wp-json\/wp\/v2\/users\/15"}],"replies":[{"embeddable":true,"href":"https:\/\/basham.com.mx\/en\/wp-json\/wp\/v2\/comments?post=11340"}],"version-history":[{"count":0,"href":"https:\/\/basham.com.mx\/en\/wp-json\/wp\/v2\/posts\/11340\/revisions"}],"wp:attachment":[{"href":"https:\/\/basham.com.mx\/en\/wp-json\/wp\/v2\/media?parent=11340"}],"wp:term":[{"taxonomy":"category","embeddable":true,"href":"https:\/\/basham.com.mx\/en\/wp-json\/wp\/v2\/categories?post=11340"},{"taxonomy":"post_tag","embeddable":true,"href":"https:\/\/basham.com.mx\/en\/wp-json\/wp\/v2\/tags?post=11340"}],"curies":[{"name":"wp","href":"https:\/\/api.w.org\/{rel}","templated":true}]}}