{"id":12296,"date":"2020-05-27T15:10:00","date_gmt":"2020-05-27T15:10:00","guid":{"rendered":"https:\/\/www.basham.com.mx\/?p=12296"},"modified":"2020-05-27T15:10:00","modified_gmt":"2020-05-27T15:10:00","slug":"medios-de-impugnacion-acuerdos-cenace-y-sener","status":"publish","type":"post","link":"https:\/\/basham.com.mx\/en\/medios-de-impugnacion-acuerdos-cenace-y-sener\/","title":{"rendered":"MEDIOS DE IMPUGNACI\u00d3N ACUERDOS CENACE Y SENER."},"content":{"rendered":"<p style=\"text-align: right;\">Ciudad de M\u00e9xico, 27 de mayo de 2020.<\/p>\n<p>&nbsp;<\/p>\n<p>En recientes fechas, las autoridades energ\u00e9ticas del pa\u00eds han publicado acuerdos y medidas que han alterado diversos preceptos de la denominada Reforma Energ\u00e9tica y repercuten en la esfera jur\u00eddica de los participantes privados del mercado el\u00e9ctrico mexicano.<\/p>\n<p>&nbsp;<\/p>\n<p>Con fecha 29 de abril de 2020 el Centro Nacional de Control de Energ\u00eda (CENACE) emiti\u00f3 el Acuerdo para garantizar la eficiencia, calidad, confiabilidad, continuidad y seguridad del Sistema El\u00e9ctrico Nacional, con motivo del reconocimiento de la epidemia de enfermedad por el virus SARS-COV2 (COVID-19) en el que, esencialmente, se suspenden las pruebas preoperativas de las centrales el\u00e9ctricas intermitentes (e\u00f3licas y fotovoltaicas) en proceso de operaci\u00f3n comercial y no se autorizan las pruebas de aquellas que a\u00fan no han iniciado la operaci\u00f3n.<\/p>\n<p>&nbsp;<\/p>\n<p>Posteriormente, con fecha 15 de mayo de 2020, la Secretar\u00eda de Energ\u00eda public\u00f3 en el Diario Oficial de la Federaci\u00f3n el Acuerdo por el que se emite la Pol\u00edtica de Confiabilidad, Seguridad, Continuidad y Calidad en el Sistema El\u00e9ctrico Nacional, en el que de manera esencial y entre otras consecuencias el gobierno mexicano prioriza la generaci\u00f3n de energ\u00eda el\u00e9ctrica a trav\u00e9s\u00a0 de las instalaciones propiedad de la Comisi\u00f3n Federal de Electricidad en detrimento de la generaci\u00f3n de energ\u00eda mediante centrales fotovoltaicas o e\u00f3licas, e incluso aplaza la entrada en operaci\u00f3n de dichas centrales.<\/p>\n<p>&nbsp;<\/p>\n<p>Las medidas contenidas en los acuerdos mencionados anteriormente contrar\u00edan diversas disposiciones constitucionales, como son el derecho al medio ambiente adecuado, desarrollo sustentable, al principio de seguridad jur\u00eddica, legalidad y libre competencia, que se pueden traducir en afectaciones patrimoniales susceptibles de ser combatidas ante los juzgados nacionales competentes, e incluso mediante un arbitraje de inversi\u00f3n en los casos que transgredan alg\u00fan tratado de inversi\u00f3n celebrado por el Estado Mexicano.<\/p>\n<p>&nbsp;<\/p>\n<p>En efecto, conforme a la Ley de Amparo, para impugnar la constitucionalidad de un acto de autoridad, es suficiente el inter\u00e9s leg\u00edtimo de afectaci\u00f3n provocado por el acto reclamado, por lo que atendiendo a la situaci\u00f3n de cada caso en particular diversos participantes del mercado de el\u00e9ctrico, tales como: comercializadores, generadores, suministradores y usuarios finales, podr\u00e1n hacer valer los juicios constitucionales por los actos que afecten su esfera jur\u00eddica.<\/p>\n<p>&nbsp;<\/p>\n<p>De igual manera, pueden surgir un sinf\u00edn de acciones legales de \u00edndole privado, debido a las diversas relaciones jur\u00eddicas entre los participantes del mercado el\u00e9ctrico en atenci\u00f3n al cambio de prioridades provocado por los Acuerdos de la autoridad energ\u00e9tica.<\/p>\n<p>&nbsp;<\/p>\n<p>Finalmente, la afectaci\u00f3n econ\u00f3mica en las inversiones extranjeras protegidas por alg\u00fan tratado de inversi\u00f3n celebrado por el Estado Mexicano puede ser reclamada por el inversionista en un arbitraje de inversi\u00f3n conforme a lo estipulado en el tratado internacional correspondiente.<\/p>\n<p>&nbsp;<\/p>\n<p>Los abogados y socios de las pr\u00e1cticas corporativa, de energ\u00eda, administrativa, de litigio y arbitraje de nuestra firma est\u00e1n a las \u00f3rdenes de los clientes que requieran asesor\u00eda en este tema.<\/p>\n<p>&nbsp;<\/p>\n<p style=\"text-align: center;\">ATTENTION,<\/p>\n<p style=\"text-align: center;\"><strong>Juan Carlos Serra<\/strong><\/p>\n<p style=\"text-align: center;\"><a href=\"mailto:serra@basham.com.mx\">serra@basham.com.mx<\/a><\/p>\n<p>&nbsp;<\/p>\n<p style=\"text-align: center;\"><strong>Jorge <\/strong><strong>Eduardo Escobedo<br \/>\n<\/strong><\/p>\n<p style=\"text-align: center;\"><a href=\"mailto:jescobedo@basham.com.mx\">jescobedo@basham.com.mx<\/a><\/p>\n<p>&nbsp;<\/p>\n<p style=\"text-align: center;\"><strong>Miguel Figueroa<\/strong><\/p>\n<p style=\"text-align: center;\"><a href=\"mailto:mfigueroa@basham.com.mx\">mfigueroa@basham.com.mx<\/a><\/p>\n<p>&nbsp;<\/p>\n<p style=\"text-align: center;\"><strong>Pedro Reynoso<\/strong><\/p>\n<p style=\"text-align: center;\"><a href=\"mailto:preynoso@basham.com.mx\">preynoso@basham.com.mx<\/a><\/p>\n<p>&nbsp;<\/p>\n<p style=\"text-align: center;\"><strong>Rodolfo Barreda<\/strong><\/p>\n<p style=\"text-align: center;\"><a href=\"mailto:rbarreda@basham.com.mx\">rbarreda@basham.com.mx<\/a><\/p>\n<p>&nbsp;<\/p>\n<p style=\"text-align: center;\"><strong>Jos\u00e9 Massas<\/strong><\/p>\n<p style=\"text-align: center;\"><a href=\"mailto:jmassas@basham.com.mx\">jmassas@basham.com.mx<\/a><\/p>","protected":false},"excerpt":{"rendered":"<p>Ciudad de M\u00e9xico, 27 de mayo de 2020. &nbsp; En recientes fechas, las autoridades energ\u00e9ticas del pa\u00eds han publicado acuerdos y medidas que han alterado diversos preceptos de la denominada Reforma Energ\u00e9tica y repercuten en la esfera jur\u00eddica de los participantes privados del mercado el\u00e9ctrico mexicano. &nbsp; Con fecha 29 de abril de 2020 el [&hellip;]<\/p>","protected":false},"author":15,"featured_media":0,"comment_status":"closed","ping_status":"closed","sticky":false,"template":"","format":"standard","meta":{"_crdt_document":"","footnotes":""},"categories":[1354,1359,1282,1252,1256],"tags":[],"class_list":["post-12296","post","type-post","status-publish","format-standard","hentry","category-covid-19","category-derecho-administrativo","category-energia","category-espanol","category-litigio"],"_links":{"self":[{"href":"https:\/\/basham.com.mx\/en\/wp-json\/wp\/v2\/posts\/12296","targetHints":{"allow":["GET"]}}],"collection":[{"href":"https:\/\/basham.com.mx\/en\/wp-json\/wp\/v2\/posts"}],"about":[{"href":"https:\/\/basham.com.mx\/en\/wp-json\/wp\/v2\/types\/post"}],"author":[{"embeddable":true,"href":"https:\/\/basham.com.mx\/en\/wp-json\/wp\/v2\/users\/15"}],"replies":[{"embeddable":true,"href":"https:\/\/basham.com.mx\/en\/wp-json\/wp\/v2\/comments?post=12296"}],"version-history":[{"count":0,"href":"https:\/\/basham.com.mx\/en\/wp-json\/wp\/v2\/posts\/12296\/revisions"}],"wp:attachment":[{"href":"https:\/\/basham.com.mx\/en\/wp-json\/wp\/v2\/media?parent=12296"}],"wp:term":[{"taxonomy":"category","embeddable":true,"href":"https:\/\/basham.com.mx\/en\/wp-json\/wp\/v2\/categories?post=12296"},{"taxonomy":"post_tag","embeddable":true,"href":"https:\/\/basham.com.mx\/en\/wp-json\/wp\/v2\/tags?post=12296"}],"curies":[{"name":"wp","href":"https:\/\/api.w.org\/{rel}","templated":true}]}}