{"id":13067,"date":"2020-07-29T22:26:28","date_gmt":"2020-07-29T22:26:28","guid":{"rendered":"https:\/\/www.basham.com.mx\/?p=13067"},"modified":"2020-07-29T22:26:28","modified_gmt":"2020-07-29T22:26:28","slug":"imss-acuerdos-consejo-tecnico-en-materia-de-incapacidades-riesgos-de-trabajo-beneficios-para-hijos-de-trabajadores-asegurados-y-servicios-funerarios","status":"publish","type":"post","link":"https:\/\/basham.com.mx\/en\/imss-acuerdos-consejo-tecnico-en-materia-de-incapacidades-riesgos-de-trabajo-beneficios-para-hijos-de-trabajadores-asegurados-y-servicios-funerarios\/","title":{"rendered":"IMSS: Technical Council Agreements on disability, occupational hazards, benefits for children of insured workers and funeral services."},"content":{"rendered":"<p style=\"text-align: right;\">Ciudad de M\u00e9xico, 29 de julio de 2020.<\/p>\n<p>&nbsp;<\/p>\n<p>Hoy 29 de julio de 2020, se publicaron en el Diario Oficial de la Federaci\u00f3n, los Acuerdos emitidos por el Consejo T\u00e9cnico del Instituto Mexicano del Seguro Social (IMSS): <strong>a)<\/strong> \u201cPor el que se autorizan estrategias para prorrogar las prestaciones en especie y\/o en dinero a los asegurados con incapacidad temporal para el trabajo que lleguen a t\u00e9rmino de ley y a los beneficiarios hijos incapacitados que cumplen 16 a\u00f1os, as\u00ed como reconocimiento de la enfermedad COVID-19 como riesgo de trabajo en trabajadores IMSS, durante el periodo de contingencia\u201d y <strong>b)<\/strong> \u201cPor el que se autoriza habilitar la transferencia del importe total de la Ayuda para Gastos de Funeral para la amortizaci\u00f3n, pago a cuenta o liquidaci\u00f3n total de los Servicios Funerarios contratados en los Velatorios IMSS a solicitud del beneficiario\u201d.<\/p>\n<p><strong>\u00a0<\/strong><\/p>\n<p><strong>a)<\/strong> El primer Acuerdo se\u00f1ala que, durante el periodo de emergencia sanitaria, la Direcci\u00f3n de Prestaciones Econ\u00f3micas y Sociales y la Direcci\u00f3n de Prestaciones M\u00e9dicas del IMSS se encargar\u00e1n de asistir a los trabajadores que cuenten con certificado de incapacidad temporal por riesgo de trabajo y haya concluido su vigencia, para expedirles una nueva incapacidad que se calificar\u00e1 como reca\u00edda por riesgo de trabajo. Esta incapacidad tendr\u00e1 el car\u00e1cter de inicial.<\/p>\n<p><strong>\u00a0<\/strong><\/p>\n<p>Al t\u00e9rmino de la emergencia sanitaria y si el trabajador presenta una reca\u00edda, la Oficina de Salud en el Trabajo del IMSS expedir\u00e1 el Dictamen de Alta por Riesgo de Trabajo ST-2 y, en su caso, emitir\u00e1 el Dictamen de incapacidad permanente o de defunci\u00f3n por riesgo de trabajo ST-3.<\/p>\n<p><strong>\u00a0<\/strong><\/p>\n<p>Para trabajadores con certificado de Incapacidad Temporal para el Trabajo por Enfermedad General que haya concluido su vigencia, se emitir\u00e1 el Dictamen de Invalidez temporal ST-4 con vigencia de tres meses. En este supuesto, el IMSS tomar\u00e1 en consideraci\u00f3n los antecedentes cl\u00ednicos del trabajador.<\/p>\n<p><strong>\u00a0<\/strong><\/p>\n<p>En el caso de trabajadores del IMSS que laboren en Unidades M\u00e9dicas y durante el periodo de emergencia sanitaria, las Direcciones de Prestaciones Econ\u00f3micas y Sociales, de Administraci\u00f3n y la de Prestaciones M\u00e9dicas, calificar\u00e1n los casos confirmados o sospechosos por COVID-19 como riesgo de trabajo, siempre que se haya verificado su asistencia a laborar hasta por 14 d\u00edas previos al inicio de los s\u00edntomas.<\/p>\n<p><strong>\u00a0<\/strong><\/p>\n<p>En casos de defunciones de trabajadores del IMSS, el personal m\u00e9dico del \u00e1rea de Salud en el Trabajo llenar\u00e1 el formato \u201cAviso de atenci\u00f3n m\u00e9dica y calificaci\u00f3n de probable enfermedad de trabajo ST-9\u201d y, en su caso, elaborar\u00e1 el \u201cDictamen de incapacidad permanente o de defunci\u00f3n por riesgo de trabajo ST-3\u201d, con base en el certificado de defunci\u00f3n que los beneficiarios presenten en este proceso.<\/p>\n<p><strong>\u00a0<\/strong><\/p>\n<p>Por otra parte, durante el periodo de emergencia sanitaria, los hijos de trabajadores asegurados o pensionados que cumplan 16 a\u00f1os y presenten enfermedad que derive en una incapacidad, recibir\u00e1n atenci\u00f3n m\u00e9dica (estudios y valoraciones m\u00e9dicas de especialidades) durante un a\u00f1o. Posteriormente, se emitir\u00e1 el Dictamen de Beneficiario Incapacitado.<\/p>\n<p><strong>\u00a0<\/strong><\/p>\n<p><strong>b)<\/strong> En el segundo de los Acuerdos el Consejo T\u00e9cnico del IMSS instruye a la Direcci\u00f3n de Prestaciones Econ\u00f3micas y Sociales, para asistir al beneficiario del trabajador asegurado para habilitar la transferencia del importe total de recursos para la Ayuda de Gastos de Funeral para el pago que corresponda a los Servicios Funerarios contratados en Velatorios IMSS. En ese caso, bastar\u00e1 que el beneficiario presente copia de <strong>i)<\/strong> Certificado de Defunci\u00f3n que sustituir\u00e1 al Acta de Defunci\u00f3n y <strong>ii)<\/strong> del contrato de prestaci\u00f3n de servicios funerarios expedido por el Velatorio IMSS.<\/p>\n<p><strong>\u00a0<\/strong><\/p>\n<p>The lawyers of the social security area are at your service to provide you with the support or advice you may require in this regard.<\/p>\n<p>&nbsp;<\/p>\n<p style=\"text-align: center;\">A T T E N T A M E N T,<\/p>\n<p>&nbsp;<\/p>\n<p style=\"text-align: center;\">Gil Zenteno<\/p>\n<p style=\"text-align: center;\"><a href=\"mailto:zenteno@basham.com.mx\">zenteno@basham.com.mx<\/a><\/p>\n<p>&nbsp;<\/p>\n<p style=\"text-align: center;\">Gerardo Nieto<\/p>\n<p style=\"text-align: center;\"><a href=\"mailto:nieto@basham.com.mx\">nieto@basham.com.mx<\/a><\/p>\n<p>&nbsp;<\/p>\n<p style=\"text-align: center;\">Jorge G. De Presno<\/p>\n<p style=\"text-align: center;\"><a href=\"mailto:jorgedepresno@basham.com.mx\">jorgedepresno@basham.com.mx<\/a><\/p>\n<p>&nbsp;<\/p>\n<p style=\"text-align: center;\">Santiago Villanueva<\/p>\n<p style=\"text-align: center;\"><a href=\"mailto:svillanueva@basham.com.mx\">svillanueva@basham.com.mx<\/a><\/p>\n<p>&nbsp;<\/p>","protected":false},"excerpt":{"rendered":"<p>Ciudad de M\u00e9xico, 29 de julio de 2020. &nbsp; Hoy 29 de julio de 2020, se publicaron en el Diario Oficial de la Federaci\u00f3n, los Acuerdos emitidos por el Consejo T\u00e9cnico del Instituto Mexicano del Seguro Social (IMSS): a) \u201cPor el que se autorizan estrategias para prorrogar las prestaciones en especie y\/o en dinero a [&hellip;]<\/p>","protected":false},"author":15,"featured_media":0,"comment_status":"closed","ping_status":"closed","sticky":false,"template":"","format":"standard","meta":{"_crdt_document":"","footnotes":""},"categories":[1252,1262],"tags":[],"class_list":["post-13067","post","type-post","status-publish","format-standard","hentry","category-espanol","category-seguridad-social"],"_links":{"self":[{"href":"https:\/\/basham.com.mx\/en\/wp-json\/wp\/v2\/posts\/13067","targetHints":{"allow":["GET"]}}],"collection":[{"href":"https:\/\/basham.com.mx\/en\/wp-json\/wp\/v2\/posts"}],"about":[{"href":"https:\/\/basham.com.mx\/en\/wp-json\/wp\/v2\/types\/post"}],"author":[{"embeddable":true,"href":"https:\/\/basham.com.mx\/en\/wp-json\/wp\/v2\/users\/15"}],"replies":[{"embeddable":true,"href":"https:\/\/basham.com.mx\/en\/wp-json\/wp\/v2\/comments?post=13067"}],"version-history":[{"count":0,"href":"https:\/\/basham.com.mx\/en\/wp-json\/wp\/v2\/posts\/13067\/revisions"}],"wp:attachment":[{"href":"https:\/\/basham.com.mx\/en\/wp-json\/wp\/v2\/media?parent=13067"}],"wp:term":[{"taxonomy":"category","embeddable":true,"href":"https:\/\/basham.com.mx\/en\/wp-json\/wp\/v2\/categories?post=13067"},{"taxonomy":"post_tag","embeddable":true,"href":"https:\/\/basham.com.mx\/en\/wp-json\/wp\/v2\/tags?post=13067"}],"curies":[{"name":"wp","href":"https:\/\/api.w.org\/{rel}","templated":true}]}}