{"id":13235,"date":"2020-10-30T20:22:57","date_gmt":"2020-10-30T20:22:57","guid":{"rendered":"https:\/\/www.basham.com.mx\/?p=13235"},"modified":"2020-10-30T20:22:57","modified_gmt":"2020-10-30T20:22:57","slug":"mexico-indicaciones-geograficas-publicacion-para-efectos-de-oposicion-de-la-solicitud-de-protecccion-de-la-indicacion-geografica-alebrijes-tonas-nahuales-y-tallas-de-madera-de-los-valles-centrale","status":"publish","type":"post","link":"https:\/\/basham.com.mx\/en\/mexico-indicaciones-geograficas-publicacion-para-efectos-de-oposicion-de-la-solicitud-de-protecccion-de-la-indicacion-geografica-alebrijes-tonas-nahuales-y-tallas-de-madera-de-los-valles-centrale\/","title":{"rendered":"M\u00c9XICO-INDICACIONES GEOGR\u00c1FICAS. PUBLICACI\u00d3N PARA EFECTOS DE OPOSICI\u00d3N DE LA SOLICITUD DE PROTECCCI\u00d3N DE LA INDICACI\u00d3N GEOGR\u00c1FICA \u00abALEBRIJES, TONAS, NAHUALES Y TALLAS DE MADERA DE LOS VALLES CENTRALES DE OAXACA\u00bb. PLAZO 19 DE DICIEMBRE DE 2020."},"content":{"rendered":"<p style=\"text-align: right;\">Ciudad de M\u00e9xico, 30 de octubre de 2020.<\/p>\n<p>&nbsp;<\/p>\n<p>El d\u00eda 19 de octubre de 2020 fue publicado en el Diario Oficial de la Federaci\u00f3n la Solicitud de Declaraci\u00f3n General de Protecci\u00f3n de la Indicaci\u00f3n Geogr\u00e1fica para los \u00abALEBRIJES, TONAS, NAHUALES Y TALLAS DE MADERA DE LOS VALLES CENTRALES DE OAXACA\u00bb.<\/p>\n<p>Los Alebrijes son una artesan\u00eda mexicana tallada en madera que representan animales, reales o imaginarios, obteniendo as\u00ed figuras fant\u00e1sticas que se distinguen por su combinaci\u00f3n de colores alegres y vibrantes.<\/p>\n<p>La solicitud fue presentada por la Secretar\u00eda de Econom\u00eda del Gobierno del Estado de Oaxaca, M\u00e9xico.<\/p>\n<p>Los productos que se pretenden proteger con la Indicaci\u00f3n Geogr\u00e1fica son artesan\u00edas que consisten en figuras talladas en madera de diverso g\u00e9nero, y pintadas con una enorme variedad de colores y motivos.<\/p>\n<p>Las localidades que realizan tallas de madera o alebrijes dentro de la regi\u00f3n de Los Valles Centrales: San Antonio Arrazola, San Mart\u00edn Tilcajete, Uni\u00f3n Tejal\u00e1pam, San Pedro Taviche y Oaxaca de Ju\u00e1rez.<\/p>\n<p>De acuerdo con la ley, cualquier tercero interesado podr\u00e1 oponerse a la Solicitud de Declaraci\u00f3n general de Protecci\u00f3n de la Indicaci\u00f3n Geogr\u00e1fica para los \u00abALEBRIJES, TONAS, NAHUALES Y TALLAS DE MADERA DE LOS VALLES CENTRALES DE OAXACA\u00bb, contando con un plazo que vencer\u00e1 el 19 de diciembre de 2020.<\/p>\n<p>Si requieren informaci\u00f3n adicional o mayores detalles respecto a la solicitud, el equipo de Propiedad Intelectual de Basham, Ringe &amp; Correa, se pone a su disposici\u00f3n.<\/p>\n<p>&nbsp;<\/p>\n<p style=\"text-align: center;\">A T T E N T A M E N T,<\/p>\n<p>&nbsp;<\/p>\n<p style=\"text-align: center;\">Martin Michaus<\/p>\n<p style=\"text-align: center;\"><a href=\"mailto:mmichaus@basham.com.mx\">mmichaus@basham.com.mx<\/a><\/p>\n<p>&nbsp;<\/p>\n<p style=\"text-align: center;\">Eduardo Kleinberg<\/p>\n<p style=\"text-align: center;\"><a href=\"mailto:kleinberg@basham.com.mx\">kleinberg@basham.com.mx<\/a><\/p>\n<p>&nbsp;<\/p>\n<p style=\"text-align: center;\">Adolfo Athi\u00e9<\/p>\n<p style=\"text-align: center;\"><a href=\"mailto:aathie@basham.com.mx\">aathie@basham.com.mx<\/a><\/p>\n<p>&nbsp;<\/p>\n<p style=\"text-align: center;\">Claudio Ulloa<\/p>\n<p style=\"text-align: center;\"><a href=\"mailto:culloa@basham.com.mx\">culloa@basham.com.mx<\/a><\/p>\n<p>&nbsp;<\/p>\n<p style=\"text-align: center;\">Juan Carlos Hern\u00e1ndez<\/p>\n<p style=\"text-align: center;\"><a href=\"mailto:jhernandez@basham.com.mx\">jhernandez@basham.com.mx<\/a><\/p>\n<p>&nbsp;<\/p>\n<p style=\"text-align: center;\">Eduardo Casta\u00f1eda<\/p>\n<p style=\"text-align: center;\"><a href=\"mailto:ecastaneda@basham.com.mx\">ecastaneda@basham.com.mx<\/a><\/p>\n<p>&nbsp;<\/p>","protected":false},"excerpt":{"rendered":"<p>Ciudad de M\u00e9xico, 30 de octubre de 2020. &nbsp; El d\u00eda 19 de octubre de 2020 fue publicado en el Diario Oficial de la Federaci\u00f3n la Solicitud de Declaraci\u00f3n General de Protecci\u00f3n de la Indicaci\u00f3n Geogr\u00e1fica para los \u00abALEBRIJES, TONAS, NAHUALES Y TALLAS DE MADERA DE LOS VALLES CENTRALES DE OAXACA\u00bb. Los Alebrijes son una [&hellip;]<\/p>","protected":false},"author":15,"featured_media":0,"comment_status":"closed","ping_status":"closed","sticky":false,"template":"","format":"standard","meta":{"_crdt_document":"","footnotes":""},"categories":[1252,1263],"tags":[],"class_list":["post-13235","post","type-post","status-publish","format-standard","hentry","category-espanol","category-propiedad-intelectual"],"_links":{"self":[{"href":"https:\/\/basham.com.mx\/en\/wp-json\/wp\/v2\/posts\/13235","targetHints":{"allow":["GET"]}}],"collection":[{"href":"https:\/\/basham.com.mx\/en\/wp-json\/wp\/v2\/posts"}],"about":[{"href":"https:\/\/basham.com.mx\/en\/wp-json\/wp\/v2\/types\/post"}],"author":[{"embeddable":true,"href":"https:\/\/basham.com.mx\/en\/wp-json\/wp\/v2\/users\/15"}],"replies":[{"embeddable":true,"href":"https:\/\/basham.com.mx\/en\/wp-json\/wp\/v2\/comments?post=13235"}],"version-history":[{"count":0,"href":"https:\/\/basham.com.mx\/en\/wp-json\/wp\/v2\/posts\/13235\/revisions"}],"wp:attachment":[{"href":"https:\/\/basham.com.mx\/en\/wp-json\/wp\/v2\/media?parent=13235"}],"wp:term":[{"taxonomy":"category","embeddable":true,"href":"https:\/\/basham.com.mx\/en\/wp-json\/wp\/v2\/categories?post=13235"},{"taxonomy":"post_tag","embeddable":true,"href":"https:\/\/basham.com.mx\/en\/wp-json\/wp\/v2\/tags?post=13235"}],"curies":[{"name":"wp","href":"https:\/\/api.w.org\/{rel}","templated":true}]}}