{"id":13238,"date":"2020-10-30T20:24:50","date_gmt":"2020-10-30T20:24:50","guid":{"rendered":"https:\/\/www.basham.com.mx\/?p=13238"},"modified":"2020-10-30T20:24:50","modified_gmt":"2020-10-30T20:24:50","slug":"mexico-geographical-indications-publication-for-opposition-purposes-of-the-application-for-protection-of-the-geographical-indication-alebrijes-tonas-nahuales-y-tallas-de-madera-de-los-valles-cent","status":"publish","type":"post","link":"https:\/\/basham.com.mx\/en\/mexico-geographical-indications-publication-for-opposition-purposes-of-the-application-for-protection-of-the-geographical-indication-alebrijes-tonas-nahuales-y-tallas-de-madera-de-los-valles-cent\/","title":{"rendered":"MEXICO-GEOGRAPHICAL INDICATIONS. PUBLICATION FOR OPPOSITION PURPOSES OF THE APPLICATION FOR PROTECTION OF THE GEOGRAPHICAL INDICATION \"ALEBRIJES, TONAS, NAHUALES Y TALLAS DE MADERA DE LOS VALLES CENTRALES DE OAXACA\". DEADLINE 19th DECEMBER 2020."},"content":{"rendered":"<p style=\"text-align: right;\">Mexico City, October 30<sup>th<\/sup>, 2020.<\/p>\n<p>&nbsp;<\/p>\n<p>On October 19<sup>th<\/sup>, 2020, an application for a General Declaration for the Protection as Geographical Indication of \u00abALEBRIJES, TONAS, NAHUALES AND WOOD CARVINGS FROM THE CENTRAL VALLEYS OF OAXACA\u00bb was published in the Federal Official Gazette.<\/p>\n<p>On October 19<sup>th<\/sup>, 2020, was published in the Federal Official Gazette an application for a General Declaration for the Protection as Geographical Indication of \u00abALEBRIJES, TONAS, NAHUALES AND WOOD CARVINGS FROM THE CENTRAL VALLEYS OF OAXACA\u00bb<\/p>\n<p>Alebrijes are Mexican handicrafts carved in wood representing real or imaginary animals, resulting in fantastic figures that are distinguished by their combination of bright and vibrant colors.<\/p>\n<p>The application was filed by the Ministry of Economy of the Government of the State of Oaxaca, Mexico.<\/p>\n<p>The products that are intended to be protected with the Geographical Indication are handicrafts consisting of different kinds of carved wooden figures and painted with an enormous variety of colors and motifs.<\/p>\n<p>The localities that make wood carvings or alebrijes within the region of Los Valles Centrales: San Antonio Arrazola, San Mart\u00edn Tilcajete, Uni\u00f3n Tejal\u00e1pam, San Pedro Taviche and Oaxaca de Ju\u00e1rez.<\/p>\n<p>In accordance with the law, any interested third party may oppose the Application for a General Declaration for the Protection of the Geographical Indication for \u00abALBRIJES, TONAS, NAHUALES AND WOODEN CARVINGS IN THE CENTRAL VALLEYS OF OAXACA\u00bb, with a deadline of <strong><u>December 19, 2020.<\/u><\/strong><\/p>\n<p>Should you require additional information or further details regarding the application, the Intellectual Property team of Basham, Ringe &amp; Correa, is at your disposal.<\/p>\n<p>&nbsp;<\/p>\n<p style=\"text-align: center;\">S I N C E R E L Y,<\/p>\n<p>&nbsp;<\/p>\n<p style=\"text-align: center;\">Martin Michaus<\/p>\n<p style=\"text-align: center;\"><a href=\"mailto:mmichaus@basham.com.mx\">mmichaus@basham.com.mx<\/a><\/p>\n<p>&nbsp;<\/p>\n<p style=\"text-align: center;\">Eduardo Kleinberg<\/p>\n<p style=\"text-align: center;\"><a href=\"mailto:kleinberg@basham.com.mx\">kleinberg@basham.com.mx<\/a><\/p>\n<p>&nbsp;<\/p>\n<p style=\"text-align: center;\">Adolfo Athi\u00e9<\/p>\n<p style=\"text-align: center;\"><a href=\"mailto:aathie@basham.com.mx\">aathie@basham.com.mx<\/a><\/p>\n<p>&nbsp;<\/p>\n<p style=\"text-align: center;\">Claudio Ulloa<\/p>\n<p style=\"text-align: center;\"><a href=\"mailto:culloa@basham.com.mx\">culloa@basham.com.mx<\/a><\/p>\n<p>&nbsp;<\/p>\n<p style=\"text-align: center;\">Juan Carlos Hern\u00e1ndez<\/p>\n<p style=\"text-align: center;\"><a href=\"mailto:jhernandez@basham.com.mx\">jhernandez@basham.com.mx<\/a><\/p>\n<p>&nbsp;<\/p>\n<p style=\"text-align: center;\">Eduardo Casta\u00f1eda<\/p>\n<p style=\"text-align: center;\"><a href=\"mailto:ecastaneda@basham.com.mx\">ecastaneda@basham.com.mx<\/a><\/p>","protected":false},"excerpt":{"rendered":"<p>Mexico City, October 30th, 2020. &nbsp; On October 19th, 2020, an application for a General Declaration for the Protection as Geographical Indication of \u00abALEBRIJES, TONAS, NAHUALES AND WOOD CARVINGS FROM THE CENTRAL VALLEYS OF OAXACA\u00bb was published in the Federal Official Gazette. On October 19th, 2020, was published in the Federal Official Gazette an application [&hellip;]<\/p>","protected":false},"author":15,"featured_media":0,"comment_status":"closed","ping_status":"closed","sticky":false,"template":"","format":"standard","meta":{"_crdt_document":"","footnotes":""},"categories":[1264,1267],"tags":[],"class_list":["post-13238","post","type-post","status-publish","format-standard","hentry","category-english","category-intellectual-property"],"_links":{"self":[{"href":"https:\/\/basham.com.mx\/en\/wp-json\/wp\/v2\/posts\/13238","targetHints":{"allow":["GET"]}}],"collection":[{"href":"https:\/\/basham.com.mx\/en\/wp-json\/wp\/v2\/posts"}],"about":[{"href":"https:\/\/basham.com.mx\/en\/wp-json\/wp\/v2\/types\/post"}],"author":[{"embeddable":true,"href":"https:\/\/basham.com.mx\/en\/wp-json\/wp\/v2\/users\/15"}],"replies":[{"embeddable":true,"href":"https:\/\/basham.com.mx\/en\/wp-json\/wp\/v2\/comments?post=13238"}],"version-history":[{"count":0,"href":"https:\/\/basham.com.mx\/en\/wp-json\/wp\/v2\/posts\/13238\/revisions"}],"wp:attachment":[{"href":"https:\/\/basham.com.mx\/en\/wp-json\/wp\/v2\/media?parent=13238"}],"wp:term":[{"taxonomy":"category","embeddable":true,"href":"https:\/\/basham.com.mx\/en\/wp-json\/wp\/v2\/categories?post=13238"},{"taxonomy":"post_tag","embeddable":true,"href":"https:\/\/basham.com.mx\/en\/wp-json\/wp\/v2\/tags?post=13238"}],"curies":[{"name":"wp","href":"https:\/\/api.w.org\/{rel}","templated":true}]}}