{"id":13377,"date":"2020-12-09T23:02:50","date_gmt":"2020-12-09T23:02:50","guid":{"rendered":"https:\/\/www.basham.com.mx\/?p=13377"},"modified":"2020-12-09T23:02:50","modified_gmt":"2020-12-09T23:02:50","slug":"se-publica-decreto-de-reformas-que-otorga-a-la-secretaria-de-marina-diversas-facultades","status":"publish","type":"post","link":"https:\/\/basham.com.mx\/en\/se-publica-decreto-de-reformas-que-otorga-a-la-secretaria-de-marina-diversas-facultades\/","title":{"rendered":"SE PUBLICA DECRETO DE REFORMAS QUE OTORGA A LA SECRETAR\u00cdA DE MARINA DIVERSAS FACULTADES."},"content":{"rendered":"<p style=\"text-align: right;\">Ciudad de M\u00e9xico, 9 de diciembre de 2020.<\/p>\n<p>&nbsp;<\/p>\n<p>El d\u00eda 7 de diciembre de 2020 se public\u00f3 en el Diario Oficial de la Federaci\u00f3n el Decreto que reforma la Ley Org\u00e1nica de la Administraci\u00f3n P\u00fablica Federal, la Ley de Navegaci\u00f3n y Comercio Mar\u00edtimo y la Ley de Puertos (en adelante, el \u201cDecreto\u201d).<\/p>\n<p>&nbsp;<\/p>\n<p>Mediante este Decreto, se otorgan facultades a la Secretar\u00eda de Marina (en adelante, \u201cSEMAR\u201d) que anteriormente eran parte de las funciones de administraci\u00f3n, control y vigilancia de la Secretar\u00eda de Comunicaciones y Transportes (en adelante, \u201cSCT\u201d) en terminales mar\u00edtimas.<\/p>\n<p>&nbsp;<\/p>\n<p>Dentro de las m\u00e1s relevantes, se encuentran las siguientes:<\/p>\n<ul>\n<li>Ejercer la Autoridad Mar\u00edtima Nacional en las zonas marinas mexicanas, costas, puertos, recintos portuarios, terminales marinas e instalaciones portuarias nacionales, y aguas nacionales donde se realicen actividades de su competencia.<\/li>\n<li>Regular, promover y organizar a la marina mercante.<\/li>\n<li>Establecer los requisitos que deba satisfacer el personal t\u00e9cnico de la marina mercante y conceder las licencias y autorizaciones respectivas.<\/li>\n<li>Adjudicar y otorgar contratos, concesiones y permisos para el establecimiento y explotaci\u00f3n de servicios relacionados con las comunicaciones y transportes por agua con embarcaciones o artefactos navales;<\/li>\n<li>Administrar los puertos centralizados y coordinar los de la administraci\u00f3n paraestatal, y otorgar concesiones y permisos para la ocupaci\u00f3n de las zonas federales dentro de los recintos portuarios;<\/li>\n<li>Otorgar permisos, autorizaciones y realizar verificaciones respecto de navegaci\u00f3n para prestar servicios en v\u00edas generales de comunicaci\u00f3n por agua.<\/li>\n<li>Organizar, regular y, en su caso, prestar servicios de control de tr\u00e1fico mar\u00edtimo.<\/li>\n<\/ul>\n<p>&nbsp;<\/p>\n<p>En atenci\u00f3n al art\u00edculo Primero Transitorio del Decreto, las reformas entrar\u00e1n en vigor el d\u00eda 6 de junio de 2021 (es decir, 180 d\u00edas naturales posteriores a la publicaci\u00f3n); por lo que se espera que en esta fecha se haya concretado la transferencia de los recursos de SCT a SEMAR.<\/p>\n<p>&nbsp;<\/p>\n<p>Los abogados de las \u00e1reas de infraestructura y derecho administrativo nos ponemos a su disposici\u00f3n para cualquier duda o comentario al respecto.<\/p>\n<p>&nbsp;<\/p>\n<p style=\"text-align: center;\">A T T E N T A M E N T,<\/p>\n<p>&nbsp;<\/p>\n<p style=\"text-align: center;\">Juan Carlos Serra<\/p>\n<p style=\"text-align: center;\"><a href=\"mailto:serra@basham.com.mx\">serra@basham.com.mx<\/a><\/p>\n<p>&nbsp;<\/p>\n<p style=\"text-align: center;\">Rodolfo Barreda<\/p>\n<p style=\"text-align: center;\"><a href=\"mailto:rbarreda@basham.com.mx\">rbarreda@basham.com.mx<\/a><\/p>\n<p>&nbsp;<\/p>\n<p style=\"text-align: center;\">Jorge E. Escobedo<\/p>\n<p style=\"text-align: center;\"><a href=\"mailto:jescobedo@basham.com.mx\">jescobedo@basham.com.mx<\/a><\/p>\n<p>&nbsp;<\/p>\n<p style=\"text-align: center;\">Fernando Morayta<\/p>\n<p style=\"text-align: center;\"><a href=\"mailto:fmorayta@basham.com.mx\">fmorayta@basham.com.mx<\/a><\/p>","protected":false},"excerpt":{"rendered":"<p>Ciudad de M\u00e9xico, 9 de diciembre de 2020. &nbsp; El d\u00eda 7 de diciembre de 2020 se public\u00f3 en el Diario Oficial de la Federaci\u00f3n el Decreto que reforma la Ley Org\u00e1nica de la Administraci\u00f3n P\u00fablica Federal, la Ley de Navegaci\u00f3n y Comercio Mar\u00edtimo y la Ley de Puertos (en adelante, el \u201cDecreto\u201d). &nbsp; Mediante [&hellip;]<\/p>","protected":false},"author":15,"featured_media":0,"comment_status":"closed","ping_status":"closed","sticky":false,"template":"","format":"standard","meta":{"_crdt_document":"","footnotes":""},"categories":[1359,1252,1258],"tags":[],"class_list":["post-13377","post","type-post","status-publish","format-standard","hentry","category-derecho-administrativo","category-espanol","category-infraestructura"],"_links":{"self":[{"href":"https:\/\/basham.com.mx\/en\/wp-json\/wp\/v2\/posts\/13377","targetHints":{"allow":["GET"]}}],"collection":[{"href":"https:\/\/basham.com.mx\/en\/wp-json\/wp\/v2\/posts"}],"about":[{"href":"https:\/\/basham.com.mx\/en\/wp-json\/wp\/v2\/types\/post"}],"author":[{"embeddable":true,"href":"https:\/\/basham.com.mx\/en\/wp-json\/wp\/v2\/users\/15"}],"replies":[{"embeddable":true,"href":"https:\/\/basham.com.mx\/en\/wp-json\/wp\/v2\/comments?post=13377"}],"version-history":[{"count":0,"href":"https:\/\/basham.com.mx\/en\/wp-json\/wp\/v2\/posts\/13377\/revisions"}],"wp:attachment":[{"href":"https:\/\/basham.com.mx\/en\/wp-json\/wp\/v2\/media?parent=13377"}],"wp:term":[{"taxonomy":"category","embeddable":true,"href":"https:\/\/basham.com.mx\/en\/wp-json\/wp\/v2\/categories?post=13377"},{"taxonomy":"post_tag","embeddable":true,"href":"https:\/\/basham.com.mx\/en\/wp-json\/wp\/v2\/tags?post=13377"}],"curies":[{"name":"wp","href":"https:\/\/api.w.org\/{rel}","templated":true}]}}