{"id":13392,"date":"2020-12-10T16:36:20","date_gmt":"2020-12-10T16:36:20","guid":{"rendered":"https:\/\/www.basham.com.mx\/?p=13392"},"modified":"2020-12-10T16:36:20","modified_gmt":"2020-12-10T16:36:20","slug":"el-senado-aprueba-la-minuta-por-la-que-se-reforma-a-la-ley-federal-del-trabajo-en-materia-de-teletrabajo","status":"publish","type":"post","link":"https:\/\/basham.com.mx\/en\/el-senado-aprueba-la-minuta-por-la-que-se-reforma-a-la-ley-federal-del-trabajo-en-materia-de-teletrabajo\/","title":{"rendered":"EL SENADO APRUEBA LA MINUTA POR LA QUE SE REFORMA A LA LEY FEDERAL DEL TRABAJO EN MATERIA DE TELETRABAJO."},"content":{"rendered":"<p style=\"text-align: right;\">Ciudad de M\u00e9xico, 10 de diciembre de 2020.<\/p>\n<p>&nbsp;<\/p>\n<p>Como complemento a nuestra nota informativa del d\u00eda de ayer, el Senado de la Rep\u00fablica aprob\u00f3 por unanimidad, en lo general y en lo particular, la Minuta Proyecto de Decreto (previamente elaborado y presentado por la C\u00e1mara de Diputados) por el que se reforma el art\u00edculo 311 y se adiciona el Cap\u00edtulo XII Bis de la Ley Federal del Trabajo en materia de teletrabajo.<\/p>\n<p>En este sentido, el presente Decreto fue remitido al Poder Ejecutivo quien, si no tuviere observaciones que realizar dentro de los treinta (30) d\u00edas naturales siguientes a su recepci\u00f3n, dispondr\u00e1 de diez (10) d\u00edas naturales para promulgar y publicar este decreto.<\/p>\n<p>Transcurrido este segundo plazo, el decreto ser\u00e1 considerado promulgado y el Presidente de la C\u00e1mara de origen (Senado) ordenar\u00e1 dentro de los diez (10) d\u00edas naturales siguientes su publicaci\u00f3n en el Diario Oficial de la Federaci\u00f3n.<\/p>\n<p>&nbsp;<\/p>\n<p>Los Socios de nuestra pr\u00e1ctica de derecho laboral, junto con los asociados de estas nos reiteramos a sus \u00f3rdenes para precisar lo necesario.<\/p>\n<p>&nbsp;<\/p>\n<p style=\"text-align: center;\">A T T E N T A M E N T,<\/p>\n<p>&nbsp;<\/p>\n<p style=\"text-align: center;\">Jorge De Presno<\/p>\n<p style=\"text-align: center;\"><a href=\"mailto:jorgedepresno@basham.com.mx\">jorgedepresno@basham.com.mx<\/a><\/p>\n<p>&nbsp;<\/p>\n<p style=\"text-align: center;\">\u00c1lvaro Gonz\u00e1lez<\/p>\n<p style=\"text-align: center;\"><a href=\"mailto:agonzalez@basham.com.mx\">agonzalez@basham.com.mx<\/a><\/p>","protected":false},"excerpt":{"rendered":"<p>Ciudad de M\u00e9xico, 10 de diciembre de 2020. &nbsp; Como complemento a nuestra nota informativa del d\u00eda de ayer, el Senado de la Rep\u00fablica aprob\u00f3 por unanimidad, en lo general y en lo particular, la Minuta Proyecto de Decreto (previamente elaborado y presentado por la C\u00e1mara de Diputados) por el que se reforma el art\u00edculo [&hellip;]<\/p>","protected":false},"author":15,"featured_media":0,"comment_status":"closed","ping_status":"closed","sticky":false,"template":"","format":"standard","meta":{"_crdt_document":"","footnotes":""},"categories":[1252,1284],"tags":[],"class_list":["post-13392","post","type-post","status-publish","format-standard","hentry","category-espanol","category-laboral"],"_links":{"self":[{"href":"https:\/\/basham.com.mx\/en\/wp-json\/wp\/v2\/posts\/13392","targetHints":{"allow":["GET"]}}],"collection":[{"href":"https:\/\/basham.com.mx\/en\/wp-json\/wp\/v2\/posts"}],"about":[{"href":"https:\/\/basham.com.mx\/en\/wp-json\/wp\/v2\/types\/post"}],"author":[{"embeddable":true,"href":"https:\/\/basham.com.mx\/en\/wp-json\/wp\/v2\/users\/15"}],"replies":[{"embeddable":true,"href":"https:\/\/basham.com.mx\/en\/wp-json\/wp\/v2\/comments?post=13392"}],"version-history":[{"count":0,"href":"https:\/\/basham.com.mx\/en\/wp-json\/wp\/v2\/posts\/13392\/revisions"}],"wp:attachment":[{"href":"https:\/\/basham.com.mx\/en\/wp-json\/wp\/v2\/media?parent=13392"}],"wp:term":[{"taxonomy":"category","embeddable":true,"href":"https:\/\/basham.com.mx\/en\/wp-json\/wp\/v2\/categories?post=13392"},{"taxonomy":"post_tag","embeddable":true,"href":"https:\/\/basham.com.mx\/en\/wp-json\/wp\/v2\/tags?post=13392"}],"curies":[{"name":"wp","href":"https:\/\/api.w.org\/{rel}","templated":true}]}}