{"id":1384,"date":"2018-06-19T14:35:03","date_gmt":"2018-06-19T19:35:03","guid":{"rendered":"http:\/\/www.basham.com.mx\/Blog\/?p=1384"},"modified":"2018-06-19T14:35:03","modified_gmt":"2018-06-19T19:35:03","slug":"se-publica-la-aprobacion-del-convenio-108","status":"publish","type":"post","link":"https:\/\/basham.com.mx\/en\/se-publica-la-aprobacion-del-convenio-108\/","title":{"rendered":"SE PUBLICA LA APROBACI\u00d3N DEL CONVENIO 108"},"content":{"rendered":"<p><strong>SE PUBLICA LA APROBACI\u00d3N DEL CONVENIO 108<\/strong><\/p>\n<p><strong>\u00a0<\/strong><\/p>\n<p>Conforme al Derecho interno en materia de celebraci\u00f3n y aprobaci\u00f3n de Tratados Internacionales, el pasado 12 de junio se public\u00f3 en el Diario Oficial de la Federaci\u00f3n, el decreto por el cual, el Presidente de la Rep\u00fablica comunica la aprobaci\u00f3n de la C\u00e1mara de Senadores del H. Congreso de la Uni\u00f3n del <strong>Convenio para la Protecci\u00f3n de las Personas con respecto al\u00a0Tratamiento Automatizado de Datos de Car\u00e1cter Personal<\/strong> (\u201cConvenio 108\u201d) y su <strong>Protocolo Adicional relativo a las Autoridades\u00a0de Control y a los Flujos Transfronterizos de Datos<\/strong>, celebrados en Estrasburgo, Francia, el 28 de enero de 1981,\u00a0y el 8 de noviembre de 2001, respectivamente.<\/p>\n<p>Tras la publicaci\u00f3n referida, el Ejecutivo Federal se encuentra en aptitud de depositar, ante el Secretario General del Consejo de Europa, el instrumento de adhesi\u00f3n al tratado en comento y su respectivo protocolo, con lo cual M\u00e9xico pasar\u00e1, formalmente, a ser miembro del as\u00ed llamado \u201cConvenio 108\u201d.<\/p>\n<p>La adhesi\u00f3n por parte del Estado Mexicano al Convenio 108 robustecer\u00e1 la protecci\u00f3n que el pa\u00eds da al derecho fundamental a la protecci\u00f3n de datos personales y facilitar\u00e1 la transferencia de datos entre Estados Miembros, lo cual impactar\u00e1 positivamente las relaciones comerciales. Tambi\u00e9n, es probable que en el futuro cercano esta adhesi\u00f3n y otros cambios en la materia den lugar a reformas a la ley mexicana de protecci\u00f3n de datos.<\/p>\n<p>El decreto por el que se aprueban el Convenio 108 y su Protocolo puede ser consultado en la siguiente liga: <a href=\"http:\/\/dof.gob.mx\/nota_detalle.php?codigo=5526265&amp;fecha=12\/06\/2018\" target=\"_blank\" rel=\"noopener\">http:\/\/dof.gob.mx\/nota_detalle.php?codigo=5526265&amp;fecha=12\/06\/2018<\/a><\/p>\n<p>&nbsp;<\/p>\n<p>&nbsp;<\/p>\n<p>&nbsp;<\/p>\n<p style=\"text-align: center;\">ATTENTIVELY<\/p>\n<p>&nbsp;<\/p>\n<table>\n<tbody>\n<tr>\n<td width=\"294\">Lic. Adolfo Athi\u00e9 Cervantes<\/td>\n<td width=\"294\">aathie@basham.com.mx<\/td>\n<\/tr>\n<tr>\n<td width=\"294\">Lic. Teresa Espinosa Vega<\/td>\n<td width=\"294\">tespinosa@basham.com.mx<\/td>\n<\/tr>\n<\/tbody>\n<\/table>\n<p>&nbsp;<\/p>\n<p style=\"text-align: center;\">Ciudad de M\u00e9xico, a 19 de junio, 2018<\/p>\n<p>&nbsp;<\/p>","protected":false},"excerpt":{"rendered":"<p>SE PUBLICA LA APROBACI\u00d3N DEL CONVENIO 108 \u00a0 Conforme al Derecho interno en materia de celebraci\u00f3n y aprobaci\u00f3n de Tratados Internacionales, el pasado 12 de junio se public\u00f3 en el Diario Oficial de la Federaci\u00f3n, el decreto por el cual, el Presidente de la Rep\u00fablica comunica la aprobaci\u00f3n de la C\u00e1mara de Senadores del H. [&hellip;]<\/p>","protected":false},"author":15,"featured_media":0,"comment_status":"open","ping_status":"open","sticky":false,"template":"","format":"standard","meta":{"_crdt_document":"","footnotes":""},"categories":[1252,1294],"tags":[],"class_list":["post-1384","post","type-post","status-publish","format-standard","hentry","category-espanol","category-privacidad-y-proteccion-de-datos"],"_links":{"self":[{"href":"https:\/\/basham.com.mx\/en\/wp-json\/wp\/v2\/posts\/1384","targetHints":{"allow":["GET"]}}],"collection":[{"href":"https:\/\/basham.com.mx\/en\/wp-json\/wp\/v2\/posts"}],"about":[{"href":"https:\/\/basham.com.mx\/en\/wp-json\/wp\/v2\/types\/post"}],"author":[{"embeddable":true,"href":"https:\/\/basham.com.mx\/en\/wp-json\/wp\/v2\/users\/15"}],"replies":[{"embeddable":true,"href":"https:\/\/basham.com.mx\/en\/wp-json\/wp\/v2\/comments?post=1384"}],"version-history":[{"count":0,"href":"https:\/\/basham.com.mx\/en\/wp-json\/wp\/v2\/posts\/1384\/revisions"}],"wp:attachment":[{"href":"https:\/\/basham.com.mx\/en\/wp-json\/wp\/v2\/media?parent=1384"}],"wp:term":[{"taxonomy":"category","embeddable":true,"href":"https:\/\/basham.com.mx\/en\/wp-json\/wp\/v2\/categories?post=1384"},{"taxonomy":"post_tag","embeddable":true,"href":"https:\/\/basham.com.mx\/en\/wp-json\/wp\/v2\/tags?post=1384"}],"curies":[{"name":"wp","href":"https:\/\/api.w.org\/{rel}","templated":true}]}}