{"id":1432,"date":"2018-07-18T18:43:32","date_gmt":"2018-07-18T23:43:32","guid":{"rendered":"http:\/\/www.basham.com.mx\/Blog\/?p=1432"},"modified":"2018-07-18T18:43:32","modified_gmt":"2018-07-18T23:43:32","slug":"se-publican-reformas-a-la-ley-general-de-cambio-climatico-como-resultado-de-los-compromisos-adquiridos-por-mexico-durante-la-vigesima-primera-conferencia-de-las-partes-de-la-cmnucc","status":"publish","type":"post","link":"https:\/\/basham.com.mx\/en\/se-publican-reformas-a-la-ley-general-de-cambio-climatico-como-resultado-de-los-compromisos-adquiridos-por-mexico-durante-la-vigesima-primera-conferencia-de-las-partes-de-la-cmnucc\/","title":{"rendered":"SE PUBLICAN REFORMAS A LA LEY GENERAL DE CAMBIO CLIM\u00c1TICO COMO RESULTADO DE LOS COMPROMISOS ADQUIRIDOS POR M\u00c9XICO DURANTE LA VIG\u00c9SIMA PRIMERA CONFERENCIA DE LAS PARTES DE LA CMNUCC."},"content":{"rendered":"<p><strong>SE PUBLICAN REFORMAS A LA LEY GENERAL DE CAMBIO CLIM\u00c1TICO COMO RESULTADO DE LOS COMPROMISOS ADQUIRIDOS POR M\u00c9XICO DURANTE LA VIG\u00c9SIMA PRIMERA CONFERENCIA DE LAS PARTES DE LA CMNUCC.<\/strong><\/p>\n<p>&nbsp;<\/p>\n<p>El pasado 13 de julio de 2018, se public\u00f3 en el Diario Oficial de la Federaci\u00f3n, el Decreto mediante el cual se reforman y adicional diversas disposiciones de la Ley General de Cambio Clim\u00e1tico (\u201cReformas a LGCC\u201d), mismo que entr\u00f3 en vigor el d\u00eda 14 de julio de 2018.<\/p>\n<p>&nbsp;<\/p>\n<p>Los objetivos de las Reformas a la LGCC son:<\/p>\n<p>&nbsp;<\/p>\n<p><strong><u>1. Establecer un sistema de comercio de emisiones (\u201cSCE\u201d), que ser\u00e1 implementado de manera progresiva y gradual, mismo que promover\u00e1 la reducci\u00f3n de las emisiones generadas por M\u00e9xico, con el menor costo posible y de forma medible, reportable y verificable<\/u><\/strong><strong>.<\/strong><\/p>\n<p>&nbsp;<\/p>\n<p>Los participantes del SCE podr\u00e1n llevar a cabo operaciones y transacciones que se vinculen con el comercio de emisiones de otros pa\u00edses o que puedan ser utilizadas en mercados de carbono internacionales.<\/p>\n<p>&nbsp;<\/p>\n<p>Se deber\u00e1n establecer, previo a la implementaci\u00f3n del SCE, las bases preliminares para un programa de prueba sin efectos econ\u00f3micos para los participantes del mismo, el cual tendr\u00e1 una vigencia de 36 meses. Dichas bases, y cualquier otra disposici\u00f3n necesaria para establecer el SCE, deber\u00e1n publicarse en un plazo m\u00e1ximo de 10 meses a partir de la publicaci\u00f3n de las Reformas a LGCC, es decir, <strong><u>a m\u00e1s tardar el 16 de mayo de 2019<\/u><\/strong>.<\/p>\n<p>&nbsp;<\/p>\n<p><strong><u>\u00a02. Llevar a cabo los ajustes o modificaciones a los escenarios, trayectorias, acciones y\/o metas comprometidas en la Estrategia Nacional de Cambio Clim\u00e1tico<\/u><\/strong><strong>.<\/strong><\/p>\n<p>&nbsp;<\/p>\n<p>La Comisi\u00f3n Nacional de Cambio Clim\u00e1tico propondr\u00e1 los cambios pertinentes a la Estrategia Nacional de Cambio Clim\u00e1tico para dar cumplimiento a los compromisos adquiridos por M\u00e9xico a trav\u00e9s del Acuerdo de Par\u00eds y de la Convenci\u00f3n Marco de las Naciones Unidas para el Cambio Clim\u00e1tico (CMNUCC).<\/p>\n<p>&nbsp;<\/p>\n<p><strong><u>3. Establecer las metas de reducci\u00f3n asumidas como Contribuciones Nacionalmente Determinadas<\/u><\/strong><strong>. <\/strong><\/p>\n<p>&nbsp;<\/p>\n<p>Derivado de la Vig\u00e9sima Primera Conferencia de las Partes de la CMNUCC, M\u00e9xico se comprometi\u00f3 a reducir para el a\u00f1o 2030, de manera no condicionada, en un 22% sus emisiones de gases efecto invernadero y en un 51% sus emisiones de carbono negro, con respecto a la l\u00ednea base. Este compromiso implicar\u00e1 la reducci\u00f3n del 40% de la intensidad de emisiones por unidad de PIB entre los a\u00f1os 2013 y 2030.<\/p>\n<p>&nbsp;<\/p>\n<p>La reducci\u00f3n del 22% de emisiones de gases efecto invernadero se traduce en los siguientes compromisos por sector participante:<\/p>\n<p>&nbsp;<\/p>\n<ul>\n<li>Transporte: 18%<\/li>\n<li>Generaci\u00f3n el\u00e9ctrica: 31%<\/li>\n<li>Residencial y comercial: 18%<\/li>\n<li>Petr\u00f3leo y gas: 14%<\/li>\n<li>Industria: 5%<\/li>\n<li>Agricultura y ganader\u00eda: 8%<\/li>\n<li>Residuos: 28%<\/li>\n<\/ul>\n<p>&nbsp;<\/p>\n<p>Los compromisos referidos en el primer p\u00e1rrafo de esta secci\u00f3n podr\u00e1n incrementarse hasta en un 36% y 70%, respectivamente y de manera condicionada, si se llegar\u00e9 a adoptar un acuerdo global que prevea rubros tales como:<\/p>\n<p>&nbsp;<\/p>\n<ul>\n<li>Un precio al carbono internacional.<\/li>\n<li>Ajustes a aranceles por contenido de carbono.<\/li>\n<li>Cooperaci\u00f3n t\u00e9cnica en la comunidad internacional.<\/li>\n<li>Acceso a recursos financieros de bajo costo.<\/li>\n<li>Transferencia de tecnolog\u00eda.<\/li>\n<\/ul>\n<p>&nbsp;<\/p>\n<p><strong><u>4. Establecer las bases para elaborar la Pol\u00edtica Nacional de Adaptaci\u00f3n en el marco del Sistema Nacional de Cambio Clim\u00e1tico y un Sistema de Alerta Temprana<\/u><\/strong><strong>. <\/strong><\/p>\n<p>&nbsp;<\/p>\n<p>Finalmente, las Reformas a la LGCC disponen que la Federaci\u00f3n, las Entidades y los Municipios deber\u00e1n elaborar una pol\u00edtica nacional de adaptaci\u00f3n al cambio clim\u00e1tico en la que se prever\u00e1n medidas a implementarse en el mediano y largo plazo.\u00a0 Asimismo, se contempla la creaci\u00f3n de un sistema de alertas tempranas que adviertan a la poblaci\u00f3n de forma expedita sobre su situaci\u00f3n de vulnerabilidad y riesgo ante fen\u00f3menos hidrometeorol\u00f3gicos extremos relacionados con el cambio clim\u00e1tico (huracanes, lluvias at\u00edpicas, olas de calor, etc.).<\/p>\n<p>&nbsp;<\/p>\n<p style=\"text-align: center;\">ATTENTION,<\/p>\n<p>&nbsp;<\/p>\n<p>&nbsp;<\/p>\n<table width=\"567\">\n<tbody>\n<tr>\n<td width=\"284\">Daniel del R\u00edo<\/td>\n<td width=\"284\">delrio@basham.com.mx<\/td>\n<\/tr>\n<tr>\n<td width=\"284\">Ricardo Evangelista<\/td>\n<td width=\"284\">revangelista@basham.com.mx<\/td>\n<\/tr>\n<tr>\n<td width=\"284\">Mariana Arrieta<\/td>\n<td width=\"284\">marrieta@basham.com.mx<\/td>\n<\/tr>\n<\/tbody>\n<\/table>\n<p>&nbsp;<\/p>\n<p>&nbsp;<\/p>\n<p style=\"text-align: center;\">Ciudad de M\u00e9xico, 18 de julio, 2018<\/p>","protected":false},"excerpt":{"rendered":"<p>SE PUBLICAN REFORMAS A LA LEY GENERAL DE CAMBIO CLIM\u00c1TICO COMO RESULTADO DE LOS COMPROMISOS ADQUIRIDOS POR M\u00c9XICO DURANTE LA VIG\u00c9SIMA PRIMERA CONFERENCIA DE LAS PARTES DE LA CMNUCC. &nbsp; El pasado 13 de julio de 2018, se public\u00f3 en el Diario Oficial de la Federaci\u00f3n, el Decreto mediante el cual se reforman y adicional [&hellip;]<\/p>","protected":false},"author":15,"featured_media":0,"comment_status":"open","ping_status":"open","sticky":false,"template":"","format":"standard","meta":{"_crdt_document":"","footnotes":""},"categories":[1290,1252],"tags":[],"class_list":["post-1432","post","type-post","status-publish","format-standard","hentry","category-derecho-ambiental","category-espanol"],"_links":{"self":[{"href":"https:\/\/basham.com.mx\/en\/wp-json\/wp\/v2\/posts\/1432","targetHints":{"allow":["GET"]}}],"collection":[{"href":"https:\/\/basham.com.mx\/en\/wp-json\/wp\/v2\/posts"}],"about":[{"href":"https:\/\/basham.com.mx\/en\/wp-json\/wp\/v2\/types\/post"}],"author":[{"embeddable":true,"href":"https:\/\/basham.com.mx\/en\/wp-json\/wp\/v2\/users\/15"}],"replies":[{"embeddable":true,"href":"https:\/\/basham.com.mx\/en\/wp-json\/wp\/v2\/comments?post=1432"}],"version-history":[{"count":0,"href":"https:\/\/basham.com.mx\/en\/wp-json\/wp\/v2\/posts\/1432\/revisions"}],"wp:attachment":[{"href":"https:\/\/basham.com.mx\/en\/wp-json\/wp\/v2\/media?parent=1432"}],"wp:term":[{"taxonomy":"category","embeddable":true,"href":"https:\/\/basham.com.mx\/en\/wp-json\/wp\/v2\/categories?post=1432"},{"taxonomy":"post_tag","embeddable":true,"href":"https:\/\/basham.com.mx\/en\/wp-json\/wp\/v2\/tags?post=1432"}],"curies":[{"name":"wp","href":"https:\/\/api.w.org\/{rel}","templated":true}]}}