{"id":15246,"date":"2023-02-14T17:17:21","date_gmt":"2023-02-14T17:17:21","guid":{"rendered":"https:\/\/www.basham.com.mx\/?p=15246"},"modified":"2023-07-20T01:39:12","modified_gmt":"2023-07-20T01:39:12","slug":"la-primera-sala-de-la-scjn-reitera-que-solo-los-seres-humanos-pueden-ser-autores","status":"publish","type":"post","link":"https:\/\/basham.com.mx\/en\/la-primera-sala-de-la-scjn-reitera-que-solo-los-seres-humanos-pueden-ser-autores\/","title":{"rendered":"The First Chamber of the SCJN reiterates that only human beings can be authors."},"content":{"rendered":"<p style=\"text-align: right;\">Ciudad de M\u00e9xico a 14 de febrero del 2023.<\/p>\n<p>La Primera Sala de la Suprema Corte de Justica de la Naci\u00f3n (SCJN) resolvi\u00f3 un amparo directo en revisi\u00f3n donde determin\u00f3 que la distinci\u00f3n que existe en la Ley Federal del Derecho de Autor en el sentido que s\u00f3lo las personas f\u00edsicas pueden ser autores es constitucionalmente v\u00e1lida.<\/p>\n<p>La Primera Sala concluy\u00f3 que deb\u00eda aplicar un nivel de escrutinio d\u00e9bil a la distinci\u00f3n en comento. Bajo dicho nivel de escrutinio basta con que el diferente tratamiento jur\u00eddico que se da a las personas f\u00edsicas con respecto a las personas morales tenga un objetivo leg\u00edtimo, que sea potencialmente adecuado para lograr el objetivo y que no est\u00e9 prohibido por la constituci\u00f3n o los tratados internacionales.<\/p>\n<p>Se consider\u00f3 que, dado que la propia Constituci\u00f3n Pol\u00edtica de los Estados Unidos Mexicanos reconoce la protecci\u00f3n a los derechos de autor, y que existen razones de justicia social y desarrollo cultural que as\u00ed lo justifican, la distinci\u00f3n de reconocer la autor\u00eda \u00fanicamente a personas f\u00edsicas persigue un objetivo leg\u00edtimo.<\/p>\n<p>Del mismo modo se consider\u00f3 que la creaci\u00f3n de una obra s\u00f3lo puede atribuirse al esfuerzo de una persona f\u00edsica y que el derecho de autor es un derecho humano exclusivo de los seres humanos. Sin embargo, las personas morales no est\u00e1n desprotegidas, pues pueden adquirir los derechos patrimoniales de autor, as\u00ed como disfrutar de los derechos conexos por sus esfuerzos en poner a disposici\u00f3n del p\u00fablico las obras.<\/p>\n<p>El \u00e1rea de derechos de autor y del entretenimiento de nuestra firma est\u00e1 a sus \u00f3rdenes para cualquier duda o comentario sobre este tema y para ayudar tanto a las personas f\u00edsicas como a las personas morales en la protecci\u00f3n de sus obras.<\/p>\n<p style=\"text-align: center;\">A T T E N T A M E N T,<\/p>\n<p style=\"text-align: center;\">Juan Carlos Hern\u00e1ndez<\/p>\n<p style=\"text-align: center;\"><a href=\"mailto:jhernandez@basham.com.mx\">jhernandez@basham.com.mx<\/a><\/p>\n<p>&nbsp;<\/p>\n<p style=\"text-align: center;\">Eduardo Casta\u00f1eda<\/p>\n<p style=\"text-align: center;\"><a href=\"mailto:ecastaneda@basham.com.mx\">ecastaneda@basham.com.mx<\/a><\/p>\n<p>&nbsp;<\/p>\n<p style=\"text-align: center;\">Mariana Vargas<\/p>\n<p style=\"text-align: center;\"><a href=\"mailto:mavargas@basham.com.mx\">mavargas@basham.com.mx<\/a><\/p>\n<p>&nbsp;<\/p>\n<p style=\"text-align: center;\">Santiago Zubikarai<\/p>\n<p style=\"text-align: center;\"><a href=\"mailto:sgonzalez@basham.com.mx\">sgonzalez@basham.com.mx<\/a><\/p>\n<p>&nbsp;<\/p>\n<p style=\"text-align: center;\">Luis Alberto Gonsen<\/p>\n<p style=\"text-align: center;\"><a href=\"mailto:lgonsen@basham.com.mx\">lgonsen@basham.com.mx<\/a><\/p>\n<p>&nbsp;<\/p>","protected":false},"excerpt":{"rendered":"<p>Ciudad de M\u00e9xico a 14 de febrero del 2023. La Primera Sala de la Suprema Corte de Justica de la Naci\u00f3n (SCJN) resolvi\u00f3 un amparo directo en revisi\u00f3n donde determin\u00f3 que la distinci\u00f3n que existe en la Ley Federal del Derecho de Autor en el sentido que s\u00f3lo las personas f\u00edsicas pueden ser autores es [&hellip;]<\/p>","protected":false},"author":15,"featured_media":0,"comment_status":"closed","ping_status":"closed","sticky":false,"template":"","format":"standard","meta":{"_crdt_document":"","footnotes":""},"categories":[1275,1252,1263],"tags":[],"class_list":["post-15246","post","type-post","status-publish","format-standard","hentry","category-derechos-de-autor","category-espanol","category-propiedad-intelectual"],"_links":{"self":[{"href":"https:\/\/basham.com.mx\/en\/wp-json\/wp\/v2\/posts\/15246","targetHints":{"allow":["GET"]}}],"collection":[{"href":"https:\/\/basham.com.mx\/en\/wp-json\/wp\/v2\/posts"}],"about":[{"href":"https:\/\/basham.com.mx\/en\/wp-json\/wp\/v2\/types\/post"}],"author":[{"embeddable":true,"href":"https:\/\/basham.com.mx\/en\/wp-json\/wp\/v2\/users\/15"}],"replies":[{"embeddable":true,"href":"https:\/\/basham.com.mx\/en\/wp-json\/wp\/v2\/comments?post=15246"}],"version-history":[{"count":1,"href":"https:\/\/basham.com.mx\/en\/wp-json\/wp\/v2\/posts\/15246\/revisions"}],"predecessor-version":[{"id":23843,"href":"https:\/\/basham.com.mx\/en\/wp-json\/wp\/v2\/posts\/15246\/revisions\/23843"}],"wp:attachment":[{"href":"https:\/\/basham.com.mx\/en\/wp-json\/wp\/v2\/media?parent=15246"}],"wp:term":[{"taxonomy":"category","embeddable":true,"href":"https:\/\/basham.com.mx\/en\/wp-json\/wp\/v2\/categories?post=15246"},{"taxonomy":"post_tag","embeddable":true,"href":"https:\/\/basham.com.mx\/en\/wp-json\/wp\/v2\/tags?post=15246"}],"curies":[{"name":"wp","href":"https:\/\/api.w.org\/{rel}","templated":true}]}}