{"id":19406,"date":"2016-01-26T21:13:05","date_gmt":"2016-01-27T03:13:05","guid":{"rendered":"http:\/\/www.bashamhost.co\/Blog\/?p=494"},"modified":"2016-01-26T21:13:05","modified_gmt":"2016-01-27T03:13:05","slug":"constitucionalidad-de-limitar-a-12-meses-el-pago-de-salarios-caidos","status":"publish","type":"post","link":"https:\/\/basham.com.mx\/en\/constitucionalidad-de-limitar-a-12-meses-el-pago-de-salarios-caidos\/","title":{"rendered":"Constitucionalidad de limitar a 12 meses el pago de salarios ca\u00eddos"},"content":{"rendered":"<p>La Segunda Sala de la Suprema Corte de Justicia de la Naci\u00f3n, determin\u00f3 la Constitucionalidad de limitar a un m\u00e1ximo de 12 meses el pago de salarios ca\u00eddos al resolver por contradicci\u00f3n de tesis las ejecutorias dictadas entre el D\u00e9cimo Sexto Tribunal Colegiado en Materia del Trabajo del Primer Circuito y el Primero del D\u00e9cimo Noveno Circuito.<br \/>\nCon esta resoluci\u00f3n se pretende desalentar toda pr\u00e1ctica que tenga por objeto retardar u obstaculizar sin justificaci\u00f3n alguna la\u00a0resoluci\u00f3n dentro de un juicio laboral.<br \/>\nLo anterior confirma la legalidad de los extremos de la reforma al Art\u00edculo 48 de La Ley Federal del Trabajo entrada en vigor el\u00a0primero de diciembre de 2012, en el sentido que de no acreditar el patr\u00f3n la causal de rescisi\u00f3n en el juicio laboral, entonces el\u00a0trabajador tendr\u00e1 derecho a que se le paguen los salarios vencidos hasta por un t\u00e9rmino de 12 meses.<br \/>\nSi al t\u00e9rmino de los 12 meses no concluy\u00f3 el procedimiento o no se dio cumplimiento al Laudo, se pagar\u00e1n tambi\u00e9n los intereses\u00a0generados sobre el importe de 15 meses de salario, a raz\u00f3n del dos por ciento mensual.<br \/>\nEl Licenciado Jorge G. De Presno Arizpe, Socio del \u00c1rea de Derecho del Trabajo y de Seguridad Social de nuestra Firma, junto\u00a0con los Asociados de la pr\u00e1ctica nos ponemos a sus \u00f3rdenes para comentar con m\u00e1s detalles el contenido de la presente nota.<br \/>\n&nbsp;<br \/>\n&nbsp;<br \/>\nATTENTIVELY<br \/>\n&nbsp;<\/p>\n<table border=\"0\" align=\"center\">\n<tbody>\n<tr>\n<td>Lic. Jorge G. DE Presno Arizpe<\/td>\n<td>(Ciudad de M\u00e9xico)<\/td>\n<td>jorgedepresno@basham.com.mx<\/td>\n<\/tr>\n<tr>\n<td>Lic. Alvaro Gonz\u00e1lez-Schiaffino<\/td>\n<td>(Ciudad de M\u00e9xico)<\/td>\n<td>agonzalez@basham.com.mx<\/td>\n<\/tr>\n<tr>\n<td><\/td>\n<td><\/td>\n<td><\/td>\n<\/tr>\n<tr>\n<td><\/td>\n<td><\/td>\n<td><\/td>\n<\/tr>\n<tr>\n<td><\/td>\n<td><\/td>\n<td><\/td>\n<\/tr>\n<\/tbody>\n<\/table>\n<p>&nbsp;<br \/>\nCiudad de M\u00e9xico a 26 de Enero de 2016.<\/p>","protected":false},"excerpt":{"rendered":"<p>La Segunda Sala de la Suprema Corte de Justicia de la Naci\u00f3n, determin\u00f3 la Constitucionalidad de limitar a un m\u00e1ximo de 12 meses el pago de salarios ca\u00eddos al resolver por contradicci\u00f3n de tesis las ejecutorias dictadas entre el D\u00e9cimo Sexto Tribunal Colegiado en Materia del Trabajo del Primer Circuito y el Primero del D\u00e9cimo [&hellip;]<\/p>","protected":false},"author":15,"featured_media":0,"comment_status":"open","ping_status":"open","sticky":false,"template":"","format":"standard","meta":{"_crdt_document":"","footnotes":""},"categories":[1278,1252],"tags":[228,183],"class_list":["post-19406","post","type-post","status-publish","format-standard","hentry","category-derecho-del-trabajo","category-espanol","tag-derecho-del-trabajo","tag-espanol"],"_links":{"self":[{"href":"https:\/\/basham.com.mx\/en\/wp-json\/wp\/v2\/posts\/19406","targetHints":{"allow":["GET"]}}],"collection":[{"href":"https:\/\/basham.com.mx\/en\/wp-json\/wp\/v2\/posts"}],"about":[{"href":"https:\/\/basham.com.mx\/en\/wp-json\/wp\/v2\/types\/post"}],"author":[{"embeddable":true,"href":"https:\/\/basham.com.mx\/en\/wp-json\/wp\/v2\/users\/15"}],"replies":[{"embeddable":true,"href":"https:\/\/basham.com.mx\/en\/wp-json\/wp\/v2\/comments?post=19406"}],"version-history":[{"count":0,"href":"https:\/\/basham.com.mx\/en\/wp-json\/wp\/v2\/posts\/19406\/revisions"}],"wp:attachment":[{"href":"https:\/\/basham.com.mx\/en\/wp-json\/wp\/v2\/media?parent=19406"}],"wp:term":[{"taxonomy":"category","embeddable":true,"href":"https:\/\/basham.com.mx\/en\/wp-json\/wp\/v2\/categories?post=19406"},{"taxonomy":"post_tag","embeddable":true,"href":"https:\/\/basham.com.mx\/en\/wp-json\/wp\/v2\/tags?post=19406"}],"curies":[{"name":"wp","href":"https:\/\/api.w.org\/{rel}","templated":true}]}}