{"id":19419,"date":"2016-04-06T20:54:33","date_gmt":"2016-04-07T01:54:33","guid":{"rendered":"http:\/\/www.bashamhost.co\/Blog\/?p=463"},"modified":"2016-04-06T20:54:33","modified_gmt":"2016-04-07T01:54:33","slug":"posibilidad-de-interponer-el-juicio-de-amparo-en-contra-de-las-medidas-temporales-para-limitar-la-circulacion-de-vehiculos-automotores-en-la-ciudad-de-mexico-y-zona-metropolitana","status":"publish","type":"post","link":"https:\/\/basham.com.mx\/en\/posibilidad-de-interponer-el-juicio-de-amparo-en-contra-de-las-medidas-temporales-para-limitar-la-circulacion-de-vehiculos-automotores-en-la-ciudad-de-mexico-y-zona-metropolitana\/","title":{"rendered":"Posibilidad de interponer el juicio de amparo en contra de las medidas temporales para limitar la circulaci\u00f3n de veh\u00edculos automotores en la Ciudad de M\u00e9xico y Zona Metropolitana"},"content":{"rendered":"<p>Con fecha 4 de abril de 2016, fue publicado en la Gaceta Oficial de la Ciudad de M\u00e9xico, as\u00ed como en\u00a0la Gaceta del Gobierno del Estado de M\u00e9xico, los acuerdos por el que se dan a conocer las medidas<br \/>\ntemporales para prevenir, controlar y minimizar las contingencias ambientales o emergencias ecol\u00f3gicas,\u00a0provenientes de fuentes m\u00f3viles, las cuales limitar\u00e1n la circulaci\u00f3n de los veh\u00edculos automotores<br \/>\nde los municipios conurbados del Estado de M\u00e9xico de la Zona Metropolitana del Valle de M\u00e9xico,\u00a0para controlar y reducir la contaminaci\u00f3n atmosf\u00e9rica y contingencias ambientales atmosf\u00e9ricas.<br \/>\nEn los mencionados acuerdos se limita la circulaci\u00f3n de veh\u00edculos automotores, sin importar el holograma\u00a0que porten (00, 0, 1 y 2), en un horario de las 05:00 a las 22:00 horas, as\u00ed como un s\u00e1bado al<br \/>\nmes, de acuerdo al \u00faltimo digito num\u00e9rico de las placas de circulaci\u00f3n o color del engomado. Ambos\u00a0acuerdos estar\u00e1n vigentes del 5 de abril al 01 de julio del a\u00f1o en curso.<br \/>\nExenciones: Veh\u00edculos de prestaci\u00f3n de servicios de emergencia y de salud; veh\u00edculos el\u00e9ctricos,\u00a0h\u00edbridos, de energ\u00eda solar, a gas natural y gas L.P; transporte escolar y de personal; cortejos f\u00fanebres<br \/>\ny transporte de servicios funerarios; veh\u00edculos para el transporte de personas con discapacidad que\u00a0cuenten con la matr\u00edcula correspondiente; transporte de residuos peligrosos; transporte de servicios<br \/>\nurbanos; Protecci\u00f3n Civil, Seguridad P\u00fablica, Vigilancia Ambiental y servicio p\u00fablico de pasajeros y\u00a0turismo.<br \/>\n*Los veh\u00edculos que transportan mercanc\u00edas o productos perecederos, podr\u00e1n circular hasta las 5:00\u00a0horas y a partir de las 22:00 horas el d\u00eda que les aplique la restricci\u00f3n; lo anterior, con base en los<br \/>\nProgramas Ambientales vigentes.<br \/>\nJUICIO DE AMPARO INDIRECTO.<br \/>\nLas medidas adoptadas carecen de los elementos constitucionales que debe revestir todo acto de\u00a0autoridad; en nuestra opini\u00f3n estas medidas no son id\u00f3neas ni proporcionales en relaci\u00f3n con el fin<br \/>\nperseguido por la autoridad. Consideramos que existen elementos s\u00f3lidos para la promoci\u00f3n de un\u00a0juicio de amparo indirecto en contra de los Acuerdos anteriormente mencionados.<br \/>\nEl t\u00e9rmino para la interposici\u00f3n del juicio de amparo es de 15 d\u00edas h\u00e1biles contados a partir del\u00a0primer d\u00eda en que el veh\u00edculo automotor deje de circular.<br \/>\nEn la promoci\u00f3n de este juicio de amparo es de vital importancia solicitar la suspensi\u00f3n del acto\u00a0reclamado, toda vez que debido a la corta duraci\u00f3n del programa, existe una grande posibilidad que<br \/>\nel juicio no se alcance a resolver antes de que concluya el programa en cuesti\u00f3n. Por tal motivo, el\u00a0\u00e9xito de esta estrategia radica en solicitar al Juzgado de Distrito en turno, la suspensi\u00f3n del acto<br \/>\nreclamado con el fin de que los veh\u00edculos automotores puedan seguir circulando conforme a las medidas\u00a0ambientales y de verificaci\u00f3n vigentes hasta antes de la entrada en vigor de estos acuerdos.<br \/>\nNos ponemos a sus \u00f3rdenes en caso de que est\u00e9n interesados en tramitar un juicio de amparo en\u00a0contra de las determinaciones adoptadas.<br \/>\nATTENTIVELY<br \/>\n&nbsp;<\/p>\n<table border=\"0\" align=\"center\">\n<tbody>\n<tr>\n<td>Daniel del R\u00edo<\/td>\n<td>Mexico City<\/td>\n<td>delrio@basham.com.mx<\/td>\n<\/tr>\n<tr>\n<td>Gerardo Nieto<\/td>\n<td>Mexico City<\/td>\n<td>nieto@basham.com.mx<\/td>\n<\/tr>\n<tr>\n<td>Rodolfo Barreda<\/td>\n<td>Mexico City<\/td>\n<td>rbarreda@basham.com.mx<\/td>\n<\/tr>\n<tr>\n<td>Lic. Liliana Gonz\u00e1lez<\/td>\n<td>Mexico City<\/td>\n<td>lgonzalez@basham.com.mx<\/td>\n<\/tr>\n<\/tbody>\n<\/table>\n<p>&nbsp;<br \/>\nCiudad de M\u00e9xico a 6 de Abril de 2016.<\/p>","protected":false},"excerpt":{"rendered":"<p>Con fecha 4 de abril de 2016, fue publicado en la Gaceta Oficial de la Ciudad de M\u00e9xico, as\u00ed como en\u00a0la Gaceta del Gobierno del Estado de M\u00e9xico, los acuerdos por el que se dan a conocer las medidas temporales para prevenir, controlar y minimizar las contingencias ambientales o emergencias ecol\u00f3gicas,\u00a0provenientes de fuentes m\u00f3viles, las [&hellip;]<\/p>","protected":false},"author":15,"featured_media":0,"comment_status":"open","ping_status":"open","sticky":false,"template":"","format":"standard","meta":{"_crdt_document":"","footnotes":""},"categories":[1252,1277],"tags":[183,224],"class_list":["post-19419","post","type-post","status-publish","format-standard","hentry","category-espanol","category-institucional","tag-espanol","tag-institucional"],"_links":{"self":[{"href":"https:\/\/basham.com.mx\/en\/wp-json\/wp\/v2\/posts\/19419","targetHints":{"allow":["GET"]}}],"collection":[{"href":"https:\/\/basham.com.mx\/en\/wp-json\/wp\/v2\/posts"}],"about":[{"href":"https:\/\/basham.com.mx\/en\/wp-json\/wp\/v2\/types\/post"}],"author":[{"embeddable":true,"href":"https:\/\/basham.com.mx\/en\/wp-json\/wp\/v2\/users\/15"}],"replies":[{"embeddable":true,"href":"https:\/\/basham.com.mx\/en\/wp-json\/wp\/v2\/comments?post=19419"}],"version-history":[{"count":0,"href":"https:\/\/basham.com.mx\/en\/wp-json\/wp\/v2\/posts\/19419\/revisions"}],"wp:attachment":[{"href":"https:\/\/basham.com.mx\/en\/wp-json\/wp\/v2\/media?parent=19419"}],"wp:term":[{"taxonomy":"category","embeddable":true,"href":"https:\/\/basham.com.mx\/en\/wp-json\/wp\/v2\/categories?post=19419"},{"taxonomy":"post_tag","embeddable":true,"href":"https:\/\/basham.com.mx\/en\/wp-json\/wp\/v2\/tags?post=19419"}],"curies":[{"name":"wp","href":"https:\/\/api.w.org\/{rel}","templated":true}]}}