{"id":19484,"date":"2016-12-30T16:52:43","date_gmt":"2016-12-30T22:52:43","guid":{"rendered":"http:\/\/www.bashamhost.co\/Blog\/?p=345"},"modified":"2016-12-30T16:52:43","modified_gmt":"2016-12-30T22:52:43","slug":"nuevo-proceso-de-mediacion-fiscal-ante-autoridades-de-la-ciudad-de-mexico","status":"publish","type":"post","link":"https:\/\/basham.com.mx\/en\/nuevo-proceso-de-mediacion-fiscal-ante-autoridades-de-la-ciudad-de-mexico\/","title":{"rendered":"Nuevo Proceso de Mediaci\u00f3n Fiscal ante Autoridades de la Ciudad de M\u00e9xico"},"content":{"rendered":"<p>El pasado 29 de diciembre de 2016 se public\u00f3 en la Gaceta Oficial de la Ciudad de M\u00e9xico, el \u201cDecreto por el que se reforman, adicionan y derogan diversas disposiciones del C\u00f3digo Fiscal de la Ciudad de M\u00e9xico\u201d.<br \/>\nEntre otros puntos, se destaca la implementaci\u00f3n del proceso de \u201cmediaci\u00f3n fiscal\u201d, el cual tiene por objeto de que, trat\u00e1ndose de impuestos locales, los contribuyentes puedan acudir a un medio alterno de soluci\u00f3n de controversias.<br \/>\nPara ello se establece que, cuando los contribuyentes sean objeto del ejercicio de facultades de comprobaci\u00f3n y est\u00e9n en desacuerdo con los hechos u omisiones asentados dentro del procedimiento, podr\u00e1n solicitar la adopci\u00f3n de un acuerdo de mediaci\u00f3n ante la Procuradur\u00eda Fiscal de la Ciudad de M\u00e9xico, quien convocar\u00e1 a mesas de trabajo para procurar llegar a una soluci\u00f3n que beneficie a las partes.<br \/>\nComo ventaja principal se destaca la posibilidad de obtener, por \u00fanica ocasi\u00f3n, la condonaci\u00f3n del 100% de las multas, as\u00ed como una reducci\u00f3n en casos posteriores.<br \/>\nLos abogados del \u00e1rea fiscal de la Firma estamos a sus \u00f3rdenes para atender cualquier duda o comentario respecto del contenido, discusi\u00f3n y eventual aprobaci\u00f3n de esta iniciativa.<br \/>\n&nbsp;<br \/>\n<strong>ATTENTIVELY<\/strong><br \/>\n<strong>Gerardo Nieto<\/strong><br \/>\nnieto@basham.com.mx<br \/>\n<strong>Gil Zenteno<\/strong><br \/>\nzenteno@basham.com.mx<br \/>\n<strong>Alejandro Barrera<\/strong><br \/>\nbarrera@basham.com.mx<br \/>\n<strong>V\u00edctor Barajas<\/strong><br \/>\nmbarajas@basham.com.mx<br \/>\n<strong>Mario Barrera<\/strong><br \/>\nmbarrera@basham.com.mx<br \/>\n&nbsp;<br \/>\n&nbsp;<br \/>\n Ciudad de M\u00e9xico a 30 de diciembre de 2016.<\/p>","protected":false},"excerpt":{"rendered":"<p>El pasado 29 de diciembre de 2016 se public\u00f3 en la Gaceta Oficial de la Ciudad de M\u00e9xico, el \u201cDecreto por el que se reforman, adicionan y derogan diversas disposiciones del C\u00f3digo Fiscal de la Ciudad de M\u00e9xico\u201d. Entre otros puntos, se destaca la implementaci\u00f3n del proceso de \u201cmediaci\u00f3n fiscal\u201d, el cual tiene por objeto [&hellip;]<\/p>","protected":false},"author":15,"featured_media":0,"comment_status":"open","ping_status":"open","sticky":false,"template":"","format":"standard","meta":{"_crdt_document":"","footnotes":""},"categories":[1252,1254],"tags":[183,188],"class_list":["post-19484","post","type-post","status-publish","format-standard","hentry","category-espanol","category-fiscal","tag-espanol","tag-fiscal"],"_links":{"self":[{"href":"https:\/\/basham.com.mx\/en\/wp-json\/wp\/v2\/posts\/19484","targetHints":{"allow":["GET"]}}],"collection":[{"href":"https:\/\/basham.com.mx\/en\/wp-json\/wp\/v2\/posts"}],"about":[{"href":"https:\/\/basham.com.mx\/en\/wp-json\/wp\/v2\/types\/post"}],"author":[{"embeddable":true,"href":"https:\/\/basham.com.mx\/en\/wp-json\/wp\/v2\/users\/15"}],"replies":[{"embeddable":true,"href":"https:\/\/basham.com.mx\/en\/wp-json\/wp\/v2\/comments?post=19484"}],"version-history":[{"count":0,"href":"https:\/\/basham.com.mx\/en\/wp-json\/wp\/v2\/posts\/19484\/revisions"}],"wp:attachment":[{"href":"https:\/\/basham.com.mx\/en\/wp-json\/wp\/v2\/media?parent=19484"}],"wp:term":[{"taxonomy":"category","embeddable":true,"href":"https:\/\/basham.com.mx\/en\/wp-json\/wp\/v2\/categories?post=19484"},{"taxonomy":"post_tag","embeddable":true,"href":"https:\/\/basham.com.mx\/en\/wp-json\/wp\/v2\/tags?post=19484"}],"curies":[{"name":"wp","href":"https:\/\/api.w.org\/{rel}","templated":true}]}}