{"id":19587,"date":"2018-03-15T16:47:22","date_gmt":"2018-03-15T22:47:22","guid":{"rendered":"http:\/\/www.basham.com.mx\/Blog\/?p=1205"},"modified":"2018-03-15T16:47:22","modified_gmt":"2018-03-15T22:47:22","slug":"mexico-reformas-a-la-ley-de-la-propiedad-industrial-en-materia-de-disenos-industriales-marcas-y-denominaciones-de-origen-e-indicaciones-geograficas","status":"publish","type":"post","link":"https:\/\/basham.com.mx\/en\/mexico-reformas-a-la-ley-de-la-propiedad-industrial-en-materia-de-disenos-industriales-marcas-y-denominaciones-de-origen-e-indicaciones-geograficas\/","title":{"rendered":"M\u00e9xico- Reformas a la Ley de la Propiedad Industrial, en materia de Dise\u00f1os Industriales, Marcas y Denominaciones de Origen e indicaciones geogr\u00e1ficas."},"content":{"rendered":"<p>&nbsp;<\/p>\n<p><strong>M\u00e9xico- Reformas a la Ley de la Propiedad Industrial, en materia de Dise\u00f1os Industriales, Marcas y Denominaciones de Origen e indicaciones geogr\u00e1ficas.<\/strong><\/p>\n<p>&nbsp;<\/p>\n<p>El d\u00eda 13 de marzo de 2018, se publicaron en el Diario Oficial de la Federaci\u00f3n diversas reformas a la Ley de la Propiedad Industrial, mismas que entrar\u00e1n en vigor el 27 de abril de 2018.<\/p>\n<p>&nbsp;<\/p>\n<p><strong><u>Dise\u00f1os Industriales<\/u><\/strong><\/p>\n<p><b><u>\u00a0<\/u><\/b><\/p>\n<ol>\n<li>a) Se introducen conceptos como creaci\u00f3n independiente y grado significativo, relacionados con la novedad requerida para el registro de un dise\u00f1o industrial.<\/li>\n<li>b) La vigencia del dise\u00f1o industrial ahora es de 5 a\u00f1os renovables por periodo de la misma duraci\u00f3n hasta alcanzar un m\u00e1ximo de 25.<\/li>\n<\/ol>\n<p>&nbsp;<\/p>\n<p><strong>Nota:<\/strong> los registros de dise\u00f1os industriales otorgados con anterioridad a la entrada en vigor a la reforma conservan la vigencia concedida hasta su vencimiento, debiendo hacer su pago por quinquenios o anualidades. Estos registros podr\u00e1n renovarse hasta por dos periodos sucesivos de 5 a\u00f1os sin exceder 25 a\u00f1os.<\/p>\n<p>&nbsp;<\/p>\n<p><strong><u>Tr\u00e1mite para otorgamiento de invenciones<\/u><\/strong><\/p>\n<p><b><u>\u00a0<\/u><\/b><\/p>\n<ol>\n<li>a) Las solicitudes de modelos de utilidad y dise\u00f1o industrial, una vez que haya sido aprobado el examen de forma deber\u00e1n ser publicadas en la Gaceta.<\/li>\n<li>b) Las solicitudes divisionales de patente tambi\u00e9n ser\u00e1n publicadas en la Gaceta.<\/li>\n<li>c) Se reduce el periodo de 6 a 2 meses para que cualquier persona presente informaci\u00f3n relativa a si la solicitud cumple con los requisitos dispuestos por la ley.<\/li>\n<\/ol>\n<p>&nbsp;<\/p>\n<p><strong><u>Trademark<\/u><\/strong><\/p>\n<p><b><u>\u00a0<\/u><\/b><\/p>\n<ol>\n<li>a) Incorpora como no registrables como signos distintivos, las expresiones \u201cg\u00e9nero, \u201ctipo\u201d, manera\u201d, \u201cimitaci\u00f3n\u201d, \u201cproducido en\u201d u otras similares que creen confusi\u00f3n en el consumidor o implique competencia desleal<\/li>\n<\/ol>\n<p><strong><u>Denominaciones de origen (DO) e indicaciones geogr\u00e1ficas (IG)<\/u><\/strong><\/p>\n<p>&nbsp;<\/p>\n<ol>\n<li>a) Se introduce la posibilidad de registrar una Indicaci\u00f3n Geogr\u00e1fica.<\/li>\n<li>b) Se establecen requisitos para el reconocimiento (registrabilidad) de las DO\u00b4s e IG\u00b4s, similares a los de las marcas.<\/li>\n<li>c) Se podr\u00e1n presentar oposiciones dentro del plazo de dos meses en contra de la solicitud de reconocimiento de DO o IG.<\/li>\n<li>d) Se establece un procedimiento para el reconocimiento e inscripci\u00f3n de Denominaciones de Origen e Indicaciones Geogr\u00e1ficas provenientes el extranjero.<\/li>\n<li>e) Se incorporan infracciones administrativas y delitos relacionados con DO e IG.<\/li>\n<\/ol>\n<p>&nbsp;<\/p>\n<p>Los socios y abogados del \u00e1rea de Propiedad Intelectual se encuentran a su disposici\u00f3n para resolver cualquier duda sobre lo anterior.<\/p>\n<p>&nbsp;<\/p>\n<p style=\"text-align: center;\">ATTENTIVELY<\/p>\n<p>&nbsp;<\/p>\n<table>\n<tbody>\n<tr>\n<td width=\"294\">Jos\u00e9 Hinojosa<\/td>\n<td width=\"294\">hinojosa@basham.com.mx<\/td>\n<\/tr>\n<tr>\n<td width=\"294\">Mart\u00edn Michaus<\/td>\n<td width=\"294\">mmichaus@basham.com.mx<\/td>\n<\/tr>\n<tr>\n<td width=\"294\">Eduardo Kleinberg<\/td>\n<td width=\"294\">kleinberg@basham.com.mx<\/td>\n<\/tr>\n<tr>\n<td width=\"294\">Adolfo Athi\u00e9<\/td>\n<td width=\"294\">aathie@basham.com.mx<\/td>\n<\/tr>\n<tr>\n<td width=\"294\">Claudio Ulloa<\/td>\n<td width=\"294\">culloa@basham.com.mx<\/td>\n<\/tr>\n<tr>\n<td width=\"294\">Jorge Vega<\/td>\n<td width=\"294\">vega@basham.com.mx<\/td>\n<\/tr>\n<tr>\n<td width=\"294\">Juan Carlos Hern\u00e1ndez<\/td>\n<td width=\"294\">jhernandez@basham.com.mx<\/td>\n<\/tr>\n<\/tbody>\n<\/table>\n<p>&nbsp;<\/p>\n<p style=\"text-align: center;\">Ciudad de M\u00e9xico, 15 de marzo, 2018<\/p>\n<p>&nbsp;<\/p>\n<p>&nbsp;<\/p>","protected":false},"excerpt":{"rendered":"<p>&nbsp; M\u00e9xico- Reformas a la Ley de la Propiedad Industrial, en materia de Dise\u00f1os Industriales, Marcas y Denominaciones de Origen e indicaciones geogr\u00e1ficas. &nbsp; El d\u00eda 13 de marzo de 2018, se publicaron en el Diario Oficial de la Federaci\u00f3n diversas reformas a la Ley de la Propiedad Industrial, mismas que entrar\u00e1n en vigor el [&hellip;]<\/p>","protected":false},"author":15,"featured_media":0,"comment_status":"open","ping_status":"open","sticky":false,"template":"","format":"standard","meta":{"_crdt_document":"","footnotes":""},"categories":[1252,1263],"tags":[],"class_list":["post-19587","post","type-post","status-publish","format-standard","hentry","category-espanol","category-propiedad-intelectual"],"_links":{"self":[{"href":"https:\/\/basham.com.mx\/en\/wp-json\/wp\/v2\/posts\/19587","targetHints":{"allow":["GET"]}}],"collection":[{"href":"https:\/\/basham.com.mx\/en\/wp-json\/wp\/v2\/posts"}],"about":[{"href":"https:\/\/basham.com.mx\/en\/wp-json\/wp\/v2\/types\/post"}],"author":[{"embeddable":true,"href":"https:\/\/basham.com.mx\/en\/wp-json\/wp\/v2\/users\/15"}],"replies":[{"embeddable":true,"href":"https:\/\/basham.com.mx\/en\/wp-json\/wp\/v2\/comments?post=19587"}],"version-history":[{"count":0,"href":"https:\/\/basham.com.mx\/en\/wp-json\/wp\/v2\/posts\/19587\/revisions"}],"wp:attachment":[{"href":"https:\/\/basham.com.mx\/en\/wp-json\/wp\/v2\/media?parent=19587"}],"wp:term":[{"taxonomy":"category","embeddable":true,"href":"https:\/\/basham.com.mx\/en\/wp-json\/wp\/v2\/categories?post=19587"},{"taxonomy":"post_tag","embeddable":true,"href":"https:\/\/basham.com.mx\/en\/wp-json\/wp\/v2\/tags?post=19587"}],"curies":[{"name":"wp","href":"https:\/\/api.w.org\/{rel}","templated":true}]}}