{"id":19601,"date":"2018-04-20T12:32:28","date_gmt":"2018-04-20T17:32:28","guid":{"rendered":"http:\/\/www.basham.com.mx\/Blog\/?p=1264"},"modified":"2018-04-20T12:32:28","modified_gmt":"2018-04-20T17:32:28","slug":"reforma-cff-presuncion-perdidas-fiscales","status":"publish","type":"post","link":"https:\/\/basham.com.mx\/en\/reforma-cff-presuncion-perdidas-fiscales\/","title":{"rendered":"REFORMA CFF \u2013 PRESUNCI\u00d3N P\u00c9RDIDAS FISCALES"},"content":{"rendered":"<p>REFORMA CFF \u2013 PRESUNCI\u00d3N P\u00c9RDIDAS FISCALES<\/p>\n<p>&nbsp;<\/p>\n<p>El 18 de abril la C\u00e1mara de Senadores aprob\u00f3 y remiti\u00f3 al titular del Ejecutivo para su publicaci\u00f3n, el proyecto de \u201cDecreto por el que se reforman, adicionan y derogan diversas disposiciones del C\u00f3digo Fiscal de la Federaci\u00f3n, de la Ley Aduanera, del C\u00f3digo Penal Federal y de la Ley Federal para Prevenir y Sancionar los Delitos cometidos en materia de Hidrocarburos\u201d.<\/p>\n<p>&nbsp;<\/p>\n<p>Es de especial inter\u00e9s la adici\u00f3n del art\u00edculo 69-B Bis al C\u00f3digo Fiscal de la Federaci\u00f3n, que establece la facultad de las autoridades fiscales para presumir la transmisi\u00f3n indebida de p\u00e9rdidas fiscales cuando el contribuyente que, teniendo derecho a su disminuci\u00f3n, haya formado parte de una reestructura, escisi\u00f3n o fusi\u00f3n de sociedades, o bien, sufra un cambio de accionistas y, tenga como resultado que el contribuyente deje de formar parte del grupo al que perteneci\u00f3.<\/p>\n<p>&nbsp;<\/p>\n<p>Los contribuyentes que no hayan desvirtuado los hechos imputados por las autoridades fiscales, ser\u00e1n listados y publicados a trav\u00e9s de la p\u00e1gina de internet del Servicio de Administraci\u00f3n Tributaria y del Diario Oficial de la Federaci\u00f3n, lo cual confirma la transmisi\u00f3n indebida de las p\u00e9rdidas fiscales del contribuyente que las gener\u00f3 y la improcedencia de su disminuci\u00f3n por el contribuyente que corresponda.<\/p>\n<p>&nbsp;<\/p>\n<p>Los abogados del \u00e1rea fiscal de la Firma estamos a sus \u00f3rdenes para atender cualquier duda respecto del contenido de la presente.<\/p>\n<p>&nbsp;<\/p>\n<p style=\"text-align: center;\">ATTENTIVELY<\/p>\n<p>&nbsp;<\/p>\n<table>\n<tbody>\n<tr>\n<td width=\"294\">Gerardo Nieto<\/td>\n<td width=\"294\">nieto@basham.com.mx<\/td>\n<\/tr>\n<tr>\n<td width=\"294\">Gil Zenteno<\/td>\n<td width=\"294\">zenteno@basham.com.mx<\/td>\n<\/tr>\n<tr>\n<td width=\"294\">Alejandro Barrera<\/td>\n<td width=\"294\">barrera@basham.com.mx<\/td>\n<\/tr>\n<tr>\n<td width=\"294\">V\u00edctor Barajas<\/td>\n<td width=\"294\"><u>mbarajas@basham.com.mx<\/u><\/td>\n<\/tr>\n<\/tbody>\n<\/table>\n<p>&nbsp;<\/p>\n<p style=\"text-align: center;\">Ciudad de M\u00e9xico, a 20 de abril de 2018.<\/p>\n<p>&nbsp;<\/p>\n<p>&nbsp;<\/p>\n<p>&nbsp;<\/p>","protected":false},"excerpt":{"rendered":"<p>REFORMA CFF \u2013 PRESUNCI\u00d3N P\u00c9RDIDAS FISCALES &nbsp; El 18 de abril la C\u00e1mara de Senadores aprob\u00f3 y remiti\u00f3 al titular del Ejecutivo para su publicaci\u00f3n, el proyecto de \u201cDecreto por el que se reforman, adicionan y derogan diversas disposiciones del C\u00f3digo Fiscal de la Federaci\u00f3n, de la Ley Aduanera, del C\u00f3digo Penal Federal y de [&hellip;]<\/p>","protected":false},"author":15,"featured_media":0,"comment_status":"open","ping_status":"open","sticky":false,"template":"","format":"standard","meta":{"_crdt_document":"","footnotes":""},"categories":[1252,1254],"tags":[],"class_list":["post-19601","post","type-post","status-publish","format-standard","hentry","category-espanol","category-fiscal"],"_links":{"self":[{"href":"https:\/\/basham.com.mx\/en\/wp-json\/wp\/v2\/posts\/19601","targetHints":{"allow":["GET"]}}],"collection":[{"href":"https:\/\/basham.com.mx\/en\/wp-json\/wp\/v2\/posts"}],"about":[{"href":"https:\/\/basham.com.mx\/en\/wp-json\/wp\/v2\/types\/post"}],"author":[{"embeddable":true,"href":"https:\/\/basham.com.mx\/en\/wp-json\/wp\/v2\/users\/15"}],"replies":[{"embeddable":true,"href":"https:\/\/basham.com.mx\/en\/wp-json\/wp\/v2\/comments?post=19601"}],"version-history":[{"count":0,"href":"https:\/\/basham.com.mx\/en\/wp-json\/wp\/v2\/posts\/19601\/revisions"}],"wp:attachment":[{"href":"https:\/\/basham.com.mx\/en\/wp-json\/wp\/v2\/media?parent=19601"}],"wp:term":[{"taxonomy":"category","embeddable":true,"href":"https:\/\/basham.com.mx\/en\/wp-json\/wp\/v2\/categories?post=19601"},{"taxonomy":"post_tag","embeddable":true,"href":"https:\/\/basham.com.mx\/en\/wp-json\/wp\/v2\/tags?post=19601"}],"curies":[{"name":"wp","href":"https:\/\/api.w.org\/{rel}","templated":true}]}}