{"id":19614,"date":"2018-05-18T15:17:19","date_gmt":"2018-05-18T20:17:19","guid":{"rendered":"http:\/\/www.basham.com.mx\/Blog\/?p=1313"},"modified":"2018-05-18T15:17:19","modified_gmt":"2018-05-18T20:17:19","slug":"mexico-reformas-a-la-ley-de-la-propiedad-industrial-en-materia-de-marcas","status":"publish","type":"post","link":"https:\/\/basham.com.mx\/en\/mexico-reformas-a-la-ley-de-la-propiedad-industrial-en-materia-de-marcas\/","title":{"rendered":"M\u00c9XICO- REFORMAS A LA LEY DE LA PROPIEDAD INDUSTRIAL, EN MATERIA DE MARCAS."},"content":{"rendered":"<p><strong>M\u00e9xico- Reformas a la Ley de la Propiedad Industrial, en materia de Marcas.<\/strong><\/p>\n<p>&nbsp;<\/p>\n<p>El d\u00eda 18 de mayo de 2018, se publicaron en el Diario Oficial de la Federaci\u00f3n diversas reformas a la Ley de la Propiedad Industrial, mismas que entrar\u00e1n en vigor el 10 de agosto de 2018.<\/p>\n<p>&nbsp;<\/p>\n<ul>\n<li><strong>Marcas No-Tradicionales<\/strong>: Se introduce la posibilidad de registrar marcas no tradicionales: sonoras, olfativas y hologr\u00e1ficas.<\/li>\n<\/ul>\n<p>&nbsp;<\/p>\n<ul>\n<li><strong>Trade dress<\/strong>: Se introduce la posibilidad de registrar la pluralidad de elementos operativos y elementos de imagen que distingan productos o servicios en el mercado, mejor conocido como <em>trade dress<\/em>.<\/li>\n<\/ul>\n<p>&nbsp;<\/p>\n<ul>\n<li><strong>Distintividad Adquirida<\/strong>: Se podr\u00e1n registrar las marcas que hayan adquirido un car\u00e1cter distintivo derivado de su uso<strong>, <\/strong>por ejemplo marcas que inicialmente pudieran ser rechazadas por ser descriptivas.<\/li>\n<\/ul>\n<p>&nbsp;<\/p>\n<ul>\n<li><strong>Mala fe:<\/strong> Introduce la mala fe como impedimento para el registro de una marca. La define como: cuando el registro se solicite de manera contraria a los buenos usos, costumbres y pr\u00e1cticas, o bien, que se pretenda obtener un beneficio o ventaja indebida.<\/li>\n<\/ul>\n<p>Se introduce la mala fe como causal de nulidad, misma que podr\u00e1 ejercitarse en cualquier momento.<\/p>\n<p>&nbsp;<\/p>\n<ul>\n<li><b><strong>Declaraci\u00f3n de Uso<\/strong>: Se a\u00f1ade la obligaci\u00f3n de presentar declaratoria de uso de marca, dentro de los 3 meses posteriores a partir de los tres a\u00f1os del registro. Esta declaraci\u00f3n se realizar\u00e1 por una sola vez. La falta de declaratoria de uso ser\u00e1 causa de caducidad del registro.<\/b><\/li>\n<\/ul>\n<p>&nbsp;<\/p>\n<p><strong><u>\u00a0<\/u><\/strong><\/p>\n<ul>\n<li><strong>Sistema de Oposici\u00f3n<\/strong>: El procedimiento de oposici\u00f3n deber\u00e1 ser tomado en cuenta por el examinador. Se podr\u00e1n presentar pruebas y posteriormente se podr\u00e1n presentar alegatos, en un plazo de 2 d\u00edas h\u00e1biles. No obstante, el procedimiento de oposici\u00f3n no suspender\u00e1 el tr\u00e1mite, ni prejuzgar\u00e1 sobre el examen de fondo.<\/li>\n<\/ul>\n<p>&nbsp;<\/p>\n<ul>\n<li><strong>Convenios de Coexistencia<\/strong>: Se introduce la posibilidad de exhibir convenios de coexistencia o cartas consentimiento a efecto de permitir el registro de una marca.<\/li>\n<\/ul>\n<p><strong><u>\u00a0<\/u><\/strong><\/p>\n<ul>\n<li><strong>Marcas de Certificaci\u00f3n<\/strong>: Se incorporan las \u201cmarcas de certificaci\u00f3n\u201d para distinguir productos y servicios cuyas cualidades o caracter\u00edsticas (componentes, condiciones de elaboraci\u00f3n, calidad, procesos, origen geogr\u00e1fico) han sido certificadas por su titular.<\/li>\n<\/ul>\n<p>&nbsp;<\/p>\n<p><strong>Marcas Notorias y Famosas:<\/strong> Se podr\u00e1 solicitar la declaratoria de notoriedad o fama de una marca sin que se encuentre previamente registrada.<\/p>\n<p>&nbsp;<\/p>\n<ul>\n<li><strong>Nulidad de marca por uso anterior<\/strong>: Se ampl\u00eda el plazo para poder presentar una nulidad de marca con base en uso anterior de 3 a 5 a\u00f1os.<\/li>\n<\/ul>\n<p>&nbsp;<\/p>\n<p>Nota: las solicitudes y oposiciones presentadas con anterioridad a la entrada en vigor a la reforma se resolver\u00e1n conforme a las disposiciones vigentes al momento de su presentaci\u00f3n.<\/p>\n<p>Los pormenores de las anteriores reformas se abordar\u00e1n en el reglamento que se publicar\u00e1 posteriormente.<\/p>\n<p>&nbsp;<\/p>\n<p style=\"text-align: center;\">ATTENTIVELY<\/p>\n<p>&nbsp;<\/p>\n<table>\n<tbody>\n<tr>\n<td width=\"294\">Jos\u00e9 Hinojosa<\/td>\n<td width=\"294\">hinojosa@basham.com.mx<\/td>\n<\/tr>\n<tr>\n<td width=\"294\">Mart\u00edn Michaus<\/td>\n<td width=\"294\">mmichaus@basham.com.mx<\/td>\n<\/tr>\n<tr>\n<td width=\"294\">Eduardo Kleinberg<\/td>\n<td width=\"294\">kleinberg@basham.com.mx<\/td>\n<\/tr>\n<tr>\n<td width=\"294\">Adolfo Athi\u00e9<\/td>\n<td width=\"294\">aathie@basham.com.mx<\/td>\n<\/tr>\n<tr>\n<td width=\"294\">Claudio Ulloa<\/td>\n<td width=\"294\">culloa@basham.com.mx<\/td>\n<\/tr>\n<tr>\n<td width=\"294\">Jorge Vega<\/td>\n<td width=\"294\">vega@basham.com.mx<\/td>\n<\/tr>\n<tr>\n<td width=\"294\">Juan Carlos Hern\u00e1ndez<\/td>\n<td width=\"294\">jhernandez@basham.com.mx<\/td>\n<\/tr>\n<\/tbody>\n<\/table>\n<p>&nbsp;<\/p>\n<p style=\"text-align: center;\">Ciudad de M\u00e9xico, 18 de mayo, 2018<\/p>","protected":false},"excerpt":{"rendered":"<p>M\u00e9xico- Reformas a la Ley de la Propiedad Industrial, en materia de Marcas. &nbsp; El d\u00eda 18 de mayo de 2018, se publicaron en el Diario Oficial de la Federaci\u00f3n diversas reformas a la Ley de la Propiedad Industrial, mismas que entrar\u00e1n en vigor el 10 de agosto de 2018. &nbsp; Marcas No-Tradicionales: Se introduce [&hellip;]<\/p>","protected":false},"author":15,"featured_media":0,"comment_status":"open","ping_status":"open","sticky":false,"template":"","format":"standard","meta":{"_crdt_document":"","footnotes":""},"categories":[1252,1263],"tags":[],"class_list":["post-19614","post","type-post","status-publish","format-standard","hentry","category-espanol","category-propiedad-intelectual"],"_links":{"self":[{"href":"https:\/\/basham.com.mx\/en\/wp-json\/wp\/v2\/posts\/19614","targetHints":{"allow":["GET"]}}],"collection":[{"href":"https:\/\/basham.com.mx\/en\/wp-json\/wp\/v2\/posts"}],"about":[{"href":"https:\/\/basham.com.mx\/en\/wp-json\/wp\/v2\/types\/post"}],"author":[{"embeddable":true,"href":"https:\/\/basham.com.mx\/en\/wp-json\/wp\/v2\/users\/15"}],"replies":[{"embeddable":true,"href":"https:\/\/basham.com.mx\/en\/wp-json\/wp\/v2\/comments?post=19614"}],"version-history":[{"count":0,"href":"https:\/\/basham.com.mx\/en\/wp-json\/wp\/v2\/posts\/19614\/revisions"}],"wp:attachment":[{"href":"https:\/\/basham.com.mx\/en\/wp-json\/wp\/v2\/media?parent=19614"}],"wp:term":[{"taxonomy":"category","embeddable":true,"href":"https:\/\/basham.com.mx\/en\/wp-json\/wp\/v2\/categories?post=19614"},{"taxonomy":"post_tag","embeddable":true,"href":"https:\/\/basham.com.mx\/en\/wp-json\/wp\/v2\/tags?post=19614"}],"curies":[{"name":"wp","href":"https:\/\/api.w.org\/{rel}","templated":true}]}}