{"id":19617,"date":"2018-06-01T17:11:01","date_gmt":"2018-06-01T22:11:01","guid":{"rendered":"http:\/\/www.basham.com.mx\/Blog\/?p=1329"},"modified":"2018-06-01T17:11:01","modified_gmt":"2018-06-01T22:11:01","slug":"transmision-indebida-de-perdidas-fiscales","status":"publish","type":"post","link":"https:\/\/basham.com.mx\/en\/transmision-indebida-de-perdidas-fiscales\/","title":{"rendered":"IMPROPER TRANSFER OF TAX LOSSES."},"content":{"rendered":"<p><strong>IMPROPER TRANSFER OF TAX LOSSES.<\/strong><\/p>\n<p><strong>\u00a0<\/strong><\/p>\n<p>Hoy, viernes 1 de junio de 2018, se public\u00f3<a href=\"http:\/\/www.basham.com.mx\/Blog\/wp-admin\/post.php?post=1329&amp;action=edit#_ftn1\" name=\"_ftnref1\">[1]<\/a> la adici\u00f3n del art\u00edculo 69-B Bis al C\u00f3digo Fiscal de la Federaci\u00f3n que regula la facultad de la autoridad fiscal para presumir la \u201ctransmisi\u00f3n indebida de p\u00e9rdidas fiscales\u201d, cuando identifique que un contribuyente que tenga derecho a disminuirlas fue parte de una reestructuraci\u00f3n, escisi\u00f3n, fusi\u00f3n o cambio de accionistas y, como consecuencia de esto, deje de formar parte del grupo al que perteneci\u00f3<a href=\"http:\/\/www.basham.com.mx\/Blog\/wp-admin\/post.php?post=1329&amp;action=edit#_ftn2\" name=\"_ftnref2\">[2]<\/a>.<\/p>\n<p>&nbsp;<\/p>\n<p>En ese escenario, la autoridad puede presumir la transmisi\u00f3n indebida de p\u00e9rdidas fiscales si el contribuyente que las obtuvo o declar\u00f3 presenta ciertas caracter\u00edsticas, como son la obtenci\u00f3n de p\u00e9rdidas en los primeros ejercicios, deducciones y\/u operaciones con partes relacionadas, p\u00e9rdidas superiores a activos, incremento irregular de p\u00e9rdidas, disminuci\u00f3n de capacidad material de operaci\u00f3n mediante transmisi\u00f3n de activos, segregaci\u00f3n del derecho de propiedad, modificaci\u00f3n del tratamiento de depreciaci\u00f3n de inversiones, contraprestaciones amparadas con t\u00edtulos de cr\u00e9dito, entre otros.<\/p>\n<p>&nbsp;<\/p>\n<p>Se prev\u00e9 que la autoridad notifique por buz\u00f3n tributario al contribuyente que obtuvo las p\u00e9rdidas para que manifieste lo que a su derecho convenga y ofrezca las pruebas para desvirtuar la observaci\u00f3n de la autoridad.<\/p>\n<p>&nbsp;<\/p>\n<p>Los contribuyentes que no desvirt\u00faen las observaciones de la autoridad ser\u00e1n listados en la p\u00e1gina de Internet del Servicio de Administraci\u00f3n Tributaria y en el Diario Oficial de la Federaci\u00f3n, para que los contribuyentes que hayan disminuido esas p\u00e9rdidas corrijan su situaci\u00f3n fiscal.<\/p>\n<p>&nbsp;<\/p>\n<p>Estimamos que esta disposici\u00f3n es poco clara en algunos puntos y, debido a esto, puede abarcar situaciones que no necesariamente constituyen una actividad irregular de los contribuyentes, sino una consecuencia de su actividad normal de negocios.<\/p>\n<p>&nbsp;<\/p>\n<p>Recomendamos a nuestros clientes y amigos, revisar con detenimiento el origen y aplicaci\u00f3n de p\u00e9rdidas fiscales, para evitar caer en los supuestos previstos el nuevo art\u00edculo 69-B Bis o, en su caso, documentar correctamente el origen de la p\u00e9rdida y, su raz\u00f3n de negocios.<\/p>\n<p>&nbsp;<\/p>\n<p><a href=\"http:\/\/www.basham.com.mx\/Blog\/wp-admin\/post.php?post=1329&amp;action=edit#_ftnref1\" name=\"_ftn1\">[1]<\/a> Diario Oficial de la Federaci\u00f3n.<\/p>\n<p><a href=\"http:\/\/www.basham.com.mx\/Blog\/wp-admin\/post.php?post=1329&amp;action=edit#_ftnref2\" name=\"_ftn2\">[2]<\/a> Vigente a partir del 2 de junio de 2018<\/p>\n<p>&nbsp;<\/p>\n<p style=\"text-align: center;\">Atentamente.<\/p>\n<p>&nbsp;<\/p>\n<table>\n<tbody>\n<tr>\n<td width=\"299\">Gerardo Nieto<\/td>\n<td width=\"299\">nieto@basham.com.mx<\/td>\n<\/tr>\n<tr>\n<td width=\"299\">Gil Zenteno<\/td>\n<td width=\"299\">zenteno@basham.com.mx<\/td>\n<\/tr>\n<tr>\n<td width=\"299\">Alejandro Barrera<\/td>\n<td width=\"299\">barrera@basham.com.mx<\/td>\n<\/tr>\n<tr>\n<td width=\"299\">V\u00edctor Barajas<\/td>\n<td width=\"299\">mbarajas@basham.com.mx<\/td>\n<\/tr>\n<\/tbody>\n<\/table>\n<p>&nbsp;<\/p>\n<p style=\"text-align: center;\">Ciudad de M\u00e9xico, 1 de junio de 2018<\/p>\n<p>&nbsp;<\/p>\n<p><a href=\"http:\/\/www.basham.com.mx\/Blog\/wp-admin\/post.php?post=1329&amp;action=edit#_ftnref1\" name=\"_ftn1\"><\/a><\/p>\n<p>&nbsp;<\/p>\n<p>&nbsp;<\/p>","protected":false},"excerpt":{"rendered":"<p>TRANSMISI\u00d3N INDEBIDA DE P\u00c9RDIDAS FISCALES. \u00a0 Hoy, viernes 1 de junio de 2018, se public\u00f3[1] la adici\u00f3n del art\u00edculo 69-B Bis al C\u00f3digo Fiscal de la Federaci\u00f3n que regula la facultad de la autoridad fiscal para presumir la \u201ctransmisi\u00f3n indebida de p\u00e9rdidas fiscales\u201d, cuando identifique que un contribuyente que tenga derecho a disminuirlas fue parte [&hellip;]<\/p>","protected":false},"author":15,"featured_media":0,"comment_status":"open","ping_status":"open","sticky":false,"template":"","format":"standard","meta":{"_crdt_document":"","footnotes":""},"categories":[1252,1254],"tags":[],"class_list":["post-19617","post","type-post","status-publish","format-standard","hentry","category-espanol","category-fiscal"],"_links":{"self":[{"href":"https:\/\/basham.com.mx\/en\/wp-json\/wp\/v2\/posts\/19617","targetHints":{"allow":["GET"]}}],"collection":[{"href":"https:\/\/basham.com.mx\/en\/wp-json\/wp\/v2\/posts"}],"about":[{"href":"https:\/\/basham.com.mx\/en\/wp-json\/wp\/v2\/types\/post"}],"author":[{"embeddable":true,"href":"https:\/\/basham.com.mx\/en\/wp-json\/wp\/v2\/users\/15"}],"replies":[{"embeddable":true,"href":"https:\/\/basham.com.mx\/en\/wp-json\/wp\/v2\/comments?post=19617"}],"version-history":[{"count":0,"href":"https:\/\/basham.com.mx\/en\/wp-json\/wp\/v2\/posts\/19617\/revisions"}],"wp:attachment":[{"href":"https:\/\/basham.com.mx\/en\/wp-json\/wp\/v2\/media?parent=19617"}],"wp:term":[{"taxonomy":"category","embeddable":true,"href":"https:\/\/basham.com.mx\/en\/wp-json\/wp\/v2\/categories?post=19617"},{"taxonomy":"post_tag","embeddable":true,"href":"https:\/\/basham.com.mx\/en\/wp-json\/wp\/v2\/tags?post=19617"}],"curies":[{"name":"wp","href":"https:\/\/api.w.org\/{rel}","templated":true}]}}