{"id":19691,"date":"2019-07-11T17:37:58","date_gmt":"2019-07-11T22:37:58","guid":{"rendered":"http:\/\/www.basham.com.mx\/Blog\/?p=1818"},"modified":"2019-07-11T17:37:58","modified_gmt":"2019-07-11T22:37:58","slug":"que-deben-saber-la-industria-de-la-moda-en-relacion-al-uso-de-conocimientos-tradicionales-y-expresiones-culturales-en-sus-disenos","status":"publish","type":"post","link":"https:\/\/basham.com.mx\/en\/que-deben-saber-la-industria-de-la-moda-en-relacion-al-uso-de-conocimientos-tradicionales-y-expresiones-culturales-en-sus-disenos\/","title":{"rendered":"\u00bfQu\u00e9 deben saber la Industria de la Moda en relaci\u00f3n al uso de Conocimientos Tradicionales y Expresiones Culturales en sus dise\u00f1os?"},"content":{"rendered":"<p class=\"wp-block-paragraph\"><strong>\u00bf<\/strong><\/p>\n\n\n\n<p class=\"wp-block-paragraph\">Se estima que, en 2019, la industria de la moda crecer\u00e1 en Am\u00e9rica Latina entre 4y 5%<a href=\"#_ftn1\">[1]<\/a>. Adem\u00e1s,M\u00e9xico ha sido considerado como el mercado mas atractivo para las marcas de lujo<a href=\"#_ftn2\">[2]<\/a>. Sin embargo, recientemente, marcas famosas de la industria de la moda se han visto envueltas en casos medi\u00e1ticos derivado de la incorporaci\u00f3n en sus colecciones de dise\u00f1os que forman parte del patrimonio cultural de comunidades ind\u00edgenas y que se le ha denominado desde una perspectiva antropol\u00f3gica \u201cApropiaci\u00f3n Cultural\u201d. Cabe mencionar que M\u00e9xico cuenta con 68 pueblos ind\u00edgenas cada una con una vasta riqueza cultural, que sirven de fuente de inspiraci\u00f3n para muchos dise\u00f1adores.<\/p>\n\n\n\n<p class=\"wp-block-paragraph\">En ciertas jurisdicciones en donde las comunidades ind\u00edgenas abundan, tales como M\u00e9xico, cada vez surgen m\u00e1s casos en donde los integrantes de dichas comunidades se inconforman frente a la supuesta utilizaci\u00f3n de sus conocimientos tradicionales o folclore, especialmente aquellos relacionados con dise\u00f1os textiles o s\u00edmbolos tradicionales. <\/p>\n\n\n\n<p class=\"wp-block-paragraph\">Es sabido que la protecci\u00f3n del Patrimonio Cultural Inmaterial al cual se encuentran incorporados los Conocimientos Tradicionales vinculados al acceso de Recursos Gen\u00e9ticos y Expresiones Culturales Tradicionales ha representado un significante reto a nivel mundial y hasta el momento no existen criterios homog\u00e9neos que puedan traducirse en un andamiaje legal. <\/p>\n\n\n\n<p class=\"wp-block-paragraph\">En M\u00e9xico, si bien a nivel Constitucional se reconoce la pluriculturalidad de la Naci\u00f3n y los derechos de los ind\u00edgenas, hoy por hoy no existe una regulaci\u00f3n ad hoc al tema en lo que concierne a la protecci\u00f3n de los Conocimientos Tradicionales vinculadas con las \u00a0Expresiones. Casos recientes involucran a famosos dise\u00f1adores que han propiciado el surgimiento de pol\u00edticas gubernamentales e iniciativas tanto a nivel estatal como federal, para regular y proteger los conocimientos tradicionales de los pueblos ind\u00edgenas, entre ellas la Ley de Salvaguardia de los Conocimientos, Cultura e Identidad de los Pueblos y Comunidades Ind\u00edgenas y Afromexicanos.<\/p>\n\n\n\n<p class=\"wp-block-paragraph\">Asimismo, recientemente la Comisi\u00f3n Nacional de Derechos Humanos, emiti\u00f3 una recomendaci\u00f3n (Recomendaci\u00f3n General 35) sobre la Protecci\u00f3n del Patrimonio Cultural de los Pueblos y Comunidades Ind\u00edgenas de la Rep\u00fablica Mexicana, en donde se recogen los casos relevantes que han involucrado marcas de renombre y en la cual expresamente se expone la necesidad de disposiciones legales para la protecci\u00f3n de derechos colectivos, incluyendo mecanismos civiles y penales para dotar de acciones legales a las comunidades para ser usada \u00a0en contra de las empresas que se apropien indebidamente de su Patrimonio Cultural Inmaterial.<\/p>\n\n\n\n<p class=\"wp-block-paragraph\">Con base en lo anterior, estos son los puntos principales que empresas dedicadas a la industria de la Moda deber\u00e1n tomar en cuenta:<\/p>\n\n\n\n<ul class=\"wp-block-list\"><li>La Ley Federal del Derecho de Autor establece que las obras desarrolladas y perpetuadas por una comunidad estar\u00e1n protegidas contra su deformaci\u00f3n, cuando esta cause dem\u00e9rito o perjuicio a la reputaci\u00f3n o imagen de la comunidad a la cual pertenecen.<\/li><\/ul>\n\n\n\n<ul class=\"wp-block-list\"><li>Las obras mencionadas en el punto anterior son de libre utilizaci\u00f3n, siempre y cuando se mencione el nombre de la comunidad de la cual se derive. Se sugiere que se haga menci\u00f3n expresa del nombre de la comunidad cuando se use este tipo de obras.<\/li><\/ul>\n\n\n\n<ul class=\"wp-block-list\"><li>Si bien no existe disposici\u00f3n legal al respecto, a efecto de evitar la exposici\u00f3n medi\u00e1tica que pudiera perjudicar la imagen de la empresa y posibles acciones legales por una supuesta aprobaci\u00f3n cultural, se sugiere, en la medida de lo posible, solicitar el consentimiento previo e informado de la comunidad antes de usar alg\u00fan elemento o dise\u00f1o que pudiera derivar del Patrimonio Cultural de dicha comunidad, en los t\u00e9rminos de la Declaraci\u00f3n de la Naciones Unidas sobre los Derechos de los Pueblos Ind\u00edgenas.<\/li><\/ul>\n\n\n\n<p class=\"wp-block-paragraph\">Usualmente, las comunidades m\u00e1s que un beneficio econ\u00f3mico busca el respeto y reconocimiento a sus tradiciones conservando el esp\u00edritu de las mismas. En este sentido, es posible construir esquemas en los cuales se beneficien las empresas y las comunidades a trav\u00e9s de la incorporaci\u00f3n de Conocimientos y Expresiones Culturales Tradicionales o Folclore en dise\u00f1os para ser comercializados. <\/p>\n\n\n\n<p class=\"wp-block-paragraph\">El equipo de Propiedad Intelectual de Basham se encuentra estudiando y monitoreando cualquier novedad legislativa y de pol\u00edticas gubernamentales, para informar oportunamente a nuestros clientes. Estamos a sus \u00f3rdenes para cualquier duda o comentario<\/p>\n\n\n\n<p class=\"wp-block-paragraph\" style=\"text-align:center\">ATTENTION,<\/p>\n\n\n\n<table class=\"wp-block-table\"><tbody><tr><td>Jos\u00e9Hinojosa&nbsp;&nbsp;<\/td><td><a href=\"mailto:hinojosa@basham.com.mx\">hinojosa@basham.com.mx<\/a><\/td><\/tr><tr><td>Mart\u00edn Michaus&nbsp;&nbsp;&nbsp;<\/td><td><a href=\"mailto:mmichaus@basham.com.mx\">mmichaus@basham.com.mx<\/a><\/td><\/tr><tr><td>Eduardo Kleinberg&nbsp;&nbsp;<\/td><td><a href=\"mailto:kleinberg@basham.com.mx\">kleinberg@basham.com.mx<\/a><\/td><\/tr><tr><td>Adolfo Athi\u00e9&nbsp;&nbsp;&nbsp;<\/td><td><a href=\"mailto:aathie@basham.com.mx\">aathie@basham.com.mx<\/a><\/td><\/tr><tr><td>Claudio Ulloa<\/td><td><a href=\"mailto:culloa@basham.com.mx\">culloa@basham.com.mx<\/a><\/td><\/tr><tr><td>Jorge Vega<\/td><td><a href=\"mailto:vega@basham.com.mx\">vega@basham.com.mx<\/a><\/td><\/tr><tr><td>Jorge Vega<\/td><td><a href=\"mailto:jhernandez@basham.com.mx\">jhernandez@basham.com.mx<\/a><\/td><\/tr><\/tbody><\/table>\n\n\n\n<p class=\"wp-block-paragraph\" style=\"text-align:center\">Ciudad de M\u00e9xico, a 11 de julio de 2019.<\/p>\n\n\n\n<p class=\"wp-block-paragraph\"><br><\/p>\n\n\n\n<hr class=\"wp-block-separator\"\/>\n\n\n\n<p class=\"wp-block-paragraph\"><a href=\"#_ftnref1\">[1]<\/a> Statista 2019. Business of Fashion; Mckinsey.<\/p>\n\n\n\n<p class=\"wp-block-paragraph\"><a href=\"#_ftnref2\">[2]<\/a> <a>Deloitte. Global Powers of Luxury Goods 2018.<\/a><\/p>","protected":false},"excerpt":{"rendered":"<p>\u00bf Se estima que, en 2019, la industria de la moda crecer\u00e1 en Am\u00e9rica Latina entre 4y 5%[1]. Adem\u00e1s,M\u00e9xico ha sido considerado como el mercado mas atractivo para las marcas de lujo[2]. Sin embargo, recientemente, marcas famosas de la industria de la moda se han visto envueltas en casos medi\u00e1ticos derivado de la incorporaci\u00f3n en [&hellip;]<\/p>","protected":false},"author":15,"featured_media":0,"comment_status":"open","ping_status":"open","sticky":false,"template":"","format":"standard","meta":{"_crdt_document":"","footnotes":""},"categories":[1252,1263],"tags":[],"class_list":["post-19691","post","type-post","status-publish","format-standard","hentry","category-espanol","category-propiedad-intelectual"],"_links":{"self":[{"href":"https:\/\/basham.com.mx\/en\/wp-json\/wp\/v2\/posts\/19691","targetHints":{"allow":["GET"]}}],"collection":[{"href":"https:\/\/basham.com.mx\/en\/wp-json\/wp\/v2\/posts"}],"about":[{"href":"https:\/\/basham.com.mx\/en\/wp-json\/wp\/v2\/types\/post"}],"author":[{"embeddable":true,"href":"https:\/\/basham.com.mx\/en\/wp-json\/wp\/v2\/users\/15"}],"replies":[{"embeddable":true,"href":"https:\/\/basham.com.mx\/en\/wp-json\/wp\/v2\/comments?post=19691"}],"version-history":[{"count":0,"href":"https:\/\/basham.com.mx\/en\/wp-json\/wp\/v2\/posts\/19691\/revisions"}],"wp:attachment":[{"href":"https:\/\/basham.com.mx\/en\/wp-json\/wp\/v2\/media?parent=19691"}],"wp:term":[{"taxonomy":"category","embeddable":true,"href":"https:\/\/basham.com.mx\/en\/wp-json\/wp\/v2\/categories?post=19691"},{"taxonomy":"post_tag","embeddable":true,"href":"https:\/\/basham.com.mx\/en\/wp-json\/wp\/v2\/tags?post=19691"}],"curies":[{"name":"wp","href":"https:\/\/api.w.org\/{rel}","templated":true}]}}