{"id":19698,"date":"2019-07-16T17:29:09","date_gmt":"2019-07-16T22:29:09","guid":{"rendered":"http:\/\/www.basham.com.mx\/Blog\/?p=1852"},"modified":"2019-07-16T17:29:09","modified_gmt":"2019-07-16T22:29:09","slug":"camara-de-diputados-organiza-foros-regionales-para-la-discusion-de-la-nueva-ley-general-de-aguas-nacionales","status":"publish","type":"post","link":"https:\/\/basham.com.mx\/en\/camara-de-diputados-organiza-foros-regionales-para-la-discusion-de-la-nueva-ley-general-de-aguas-nacionales\/","title":{"rendered":"C\u00c1MARA DE DIPUTADOS ORGANIZA FOROS REGIONALES PARA LA DISCUSI\u00d3N DE LA NUEVA LEY GENERAL DE AGUAS NACIONALES."},"content":{"rendered":"<p class=\"wp-block-paragraph\">La Comisi\u00f3n de Recursos Hidr\u00e1ulicos, Agua Potable y Saneamiento de la C\u00e1mara de Diputados se encuentra organizando diversos foros regionales con el objetivo de escuchar a los diversos sectores sociales y, en su momento, proponer una nueva legislaci\u00f3n en materia de aguas nacionales. <\/p>\n\n\n\n<p class=\"wp-block-paragraph\">Hasta la fecha, se han llevado a cabo un total de 7 foros en los cuales se han discutido temas tales como:<\/p>\n\n\n\n<ul class=\"wp-block-list\"><li>Saneamiento y Calidad del Agua, el Derecho Humano al Agua y Caudal Ecol\u00f3gico, <\/li><li>Gesti\u00f3n Integral del Agua en Sitios K\u00e1rsticos, <\/li><li>Eficiencia y Operatividad de los Organismos Operadores del Agua, <\/li><li>Armonizaci\u00f3n de la Legislaci\u00f3n Nacional vinculada con el Sector H\u00eddrico para crear una nueva Ley de Aguas Nacionales y Acuerdos Internacionales, <\/li><li>Infraestructura H\u00eddrica como Soporte Econ\u00f3mico para el Desarrollo Tur\u00edstico Nacional, y <\/li><li>Aprovechamiento del Agua para el Sector Agropecuario. <\/li><\/ul>\n\n\n\n<p class=\"wp-block-paragraph\">A dichos foros se han invitado a representantes de la Comisi\u00f3n Nacional del Agua, de las C\u00e1maras Minera y Nacional de la Industria del Hierro y el Acero, del Consejo Agropecuario, del Consejo Mundial del Agua, organizaciones y asociaciones civiles referentes al sector, especialistas, etc.<\/p>\n\n\n\n<p class=\"wp-block-paragraph\">Los pr\u00f3ximos foros tendr\u00e1n lugar en los Estados y fechas que a continuaci\u00f3n se indican: \u00a0<\/p>\n\n\n\n<table class=\"wp-block-table\"><tbody><tr><td>\n  <strong>1.<\/strong>\n  <\/td><td>\n  19 de Julio\n  <\/td><td>\n  Colima, Colima\n  <\/td><\/tr><tr><td>\n  <strong>2.<\/strong>\n  <\/td><td>\n  15 de Agosto\n  <\/td><td>\n  Chihuahua, Chihuahua\n  <\/td><\/tr><tr><td>\n  <strong>3.<\/strong>\n  <\/td><td>\n  16 de Agosto\n  <\/td><td>\n  Mexicali, Baja California\n  <\/td><\/tr><tr><td>\n  <strong>4.<\/strong>\n  <\/td><td>\n  26 de Agosto\n  <\/td><td>\n  Guanajuato, Guanajuato\n  <\/td><\/tr><tr><td>\n  <strong>5.<\/strong>\n  <\/td><td>\n  6 de Septiembre\n  <\/td><td>\n  Torre\u00f3n, Coahuila\n  <\/td><\/tr><tr><td>\n  <strong>6.<\/strong>\n  <\/td><td>\n  20 de Septiembre\n  <\/td><td>\n  Puebla, Puebla\n  <\/td><\/tr><tr><td>\n  <strong>7.<\/strong>\n  <\/td><td>\n  27 de Septiembre\n  <\/td><td>\n  Cosamaloapan, Veracruz\n  <\/td><\/tr><tr><td>\n  <strong>8.<\/strong>\n  <\/td><td>\n  4 de Octubre\n  <\/td><td>\n  Villa Hermosa, Tabasco\n  <\/td><\/tr><tr><td>\n  <strong>9.<\/strong>\n  <\/td><td>\n  16 de Octubre\n  <\/td><td>\n  C\u00e1mara de Diputados, Ciudad de M\u00e9xico\n  <\/td><\/tr><tr><td>\n  <strong>10.<\/strong>\n  <\/td><td>\n  30 de Octubre\n  <\/td><td>\n  Jiutepec, Morelos\n  <\/td><\/tr><tr><td>\n  <strong>11.<\/strong>\n  <\/td><td>\n  22 de Noviembre\n  <\/td><td>\n  Oaxaca, Oaxaca\n  <\/td><\/tr><tr><td>\n  <strong>12.<\/strong>\n  <\/td><td>\n  6 de Diciembre\n  <\/td><td>\n  Morelia, Michoac\u00e1n\n  <\/td><\/tr><\/tbody><\/table>\n\n\n\n<p class=\"wp-block-paragraph\">Los abogados de la pr\u00e1ctica de derecho ambiental de la Firma estamos a sus \u00f3rdenes para atender cualquier duda respecto del contenido de la presente.<\/p>\n\n\n\n<p class=\"wp-block-paragraph\" style=\"text-align:center\">ATTENTIVELY<\/p>\n\n\n\n<table class=\"wp-block-table\"><tbody><tr><td>Daniel del R\u00edo<\/td><td><a href=\"mailto:delrio@basham.com.mx\">delrio@basham.com.mx<\/a> <br><\/td><\/tr><tr><td>Ricardo Evangelista\u00a0<\/td><td><a href=\"mailto:revangelista@basham.com.mx\">revangelista@basham.com.mx<\/a><\/td><\/tr><tr><td>Mariana  Arrieta   <\/td><td><a href=\"mailto:marrieta@basham.com.mx\">marrieta@basham.com.mx<\/a><\/td><\/tr><\/tbody><\/table>\n\n\n\n<p class=\"wp-block-paragraph\" style=\"text-align:center\">Ciudad de M\u00e9xico, a 16 de julio de 2019<\/p>\n\n\n\n<p class=\"wp-block-paragraph\"> <\/p>","protected":false},"excerpt":{"rendered":"<p>La Comisi\u00f3n de Recursos Hidr\u00e1ulicos, Agua Potable y Saneamiento de la C\u00e1mara de Diputados se encuentra organizando diversos foros regionales con el objetivo de escuchar a los diversos sectores sociales y, en su momento, proponer una nueva legislaci\u00f3n en materia de aguas nacionales. Hasta la fecha, se han llevado a cabo un total de 7 [&hellip;]<\/p>","protected":false},"author":15,"featured_media":0,"comment_status":"open","ping_status":"open","sticky":false,"template":"","format":"standard","meta":{"_crdt_document":"","footnotes":""},"categories":[1290,1252],"tags":[],"class_list":["post-19698","post","type-post","status-publish","format-standard","hentry","category-derecho-ambiental","category-espanol"],"_links":{"self":[{"href":"https:\/\/basham.com.mx\/en\/wp-json\/wp\/v2\/posts\/19698","targetHints":{"allow":["GET"]}}],"collection":[{"href":"https:\/\/basham.com.mx\/en\/wp-json\/wp\/v2\/posts"}],"about":[{"href":"https:\/\/basham.com.mx\/en\/wp-json\/wp\/v2\/types\/post"}],"author":[{"embeddable":true,"href":"https:\/\/basham.com.mx\/en\/wp-json\/wp\/v2\/users\/15"}],"replies":[{"embeddable":true,"href":"https:\/\/basham.com.mx\/en\/wp-json\/wp\/v2\/comments?post=19698"}],"version-history":[{"count":0,"href":"https:\/\/basham.com.mx\/en\/wp-json\/wp\/v2\/posts\/19698\/revisions"}],"wp:attachment":[{"href":"https:\/\/basham.com.mx\/en\/wp-json\/wp\/v2\/media?parent=19698"}],"wp:term":[{"taxonomy":"category","embeddable":true,"href":"https:\/\/basham.com.mx\/en\/wp-json\/wp\/v2\/categories?post=19698"},{"taxonomy":"post_tag","embeddable":true,"href":"https:\/\/basham.com.mx\/en\/wp-json\/wp\/v2\/tags?post=19698"}],"curies":[{"name":"wp","href":"https:\/\/api.w.org\/{rel}","templated":true}]}}