{"id":24040,"date":"2023-08-24T19:38:47","date_gmt":"2023-08-24T19:38:47","guid":{"rendered":"https:\/\/basham.com.mx\/?p=24040"},"modified":"2023-09-22T19:20:00","modified_gmt":"2023-09-22T19:20:00","slug":"inai-obtiene-suspension-para-poder-sesionar","status":"publish","type":"post","link":"https:\/\/basham.com.mx\/en\/inai-obtiene-suspension-para-poder-sesionar\/","title":{"rendered":"INAI obtiene suspensi\u00f3n para poder sesionar."},"content":{"rendered":"<p class=\"has-text-align-right wp-block-paragraph\">Ciudad de M\u00e9xico a 24 de agosto de 2023.<\/p>\n\n\n\n<p class=\"wp-block-paragraph\">Despu\u00e9s de m\u00e1s de 140 d\u00edas en los que el Pleno del Instituto Nacional de Transparencia, Acceso a la Informaci\u00f3n y Protecci\u00f3n de Datos Personales (\u201cINAI\u201d) no pudo sesionar ante la ausencia de tres Comisionados, y de los miles de recursos de revisi\u00f3n entre otras resoluciones que se encontraban pendientes ante dicho Instituto, la Segunda Sala de la Suprema Corte de Justicia de la Naci\u00f3n resolvi\u00f3 el d\u00eda de ayer el Recurso de Reclamaci\u00f3n 229\/2023 CA y por mayor\u00eda de votos concedi\u00f3 una suspensi\u00f3n al INAI para que pueda sesionar con los Comisionados que actualmente integran el Pleno (cuatro Comisionados) hasta en tanto se resuelva en lo principal la Controversia Constitucional y se designen a los Comisionados faltantes.<\/p>\n\n\n\n<p class=\"wp-block-paragraph\">Lo anterior sin duda sienta un gran precedente en la vida jur\u00eddica de nuestro pa\u00eds, demostrando la eficacia del sistema de pesos y contrapesos. En este sentido, la Suprema Corte de Justicia subsan\u00f3 la dolosa omisi\u00f3n de la C\u00e1mara de Senadores a efecto de darle operatividad al INAI y con ello enmendar los incumplimientos generados por otros poderes para darle normalidad constitucional a los actos y omisiones de las autoridades dentro de un estado de derecho Lo anterior demuestra una vez m\u00e1s la eficacia del control constitucional que ejerce el Poder Judicial frente a los otros dos poderes, ejerciendo independencia plena de los \u00f3rganos aut\u00f3nomos y procurando la garant\u00eda de los derechos humanos, incluyendo el derecho de acceso a la informaci\u00f3n y la protecci\u00f3n de datos personales.<\/p>\n\n\n\n<p class=\"has-text-align-center wp-block-paragraph\">ATTENTIVELY<\/p>\n\n\n\n<p class=\"has-text-align-center wp-block-paragraph\">Adolfo Athi\u00e9 Cervantes <\/p>\n\n\n\n<p class=\"has-text-align-center wp-block-paragraph\"><a href=\"mailto:aathie@basham.com.mx\">aathie@basham.com.mx<\/a><\/p>\n\n\n\n<p class=\"has-text-align-center wp-block-paragraph\"><\/p>\n\n\n\n<p class=\"has-text-align-center wp-block-paragraph\">Renata Buer\u00f3n Valenzuela<\/p>\n\n\n\n<p class=\"has-text-align-center wp-block-paragraph\"><a href=\"mailto:rbueron@basham.com.mx\">rbueron@basham.com.mx<\/a><\/p>\n\n\n\n<p class=\"has-text-align-center wp-block-paragraph\"><\/p>\n\n\n\n<p class=\"has-text-align-center wp-block-paragraph\">Erika Rodr\u00edguez Kushelevich<\/p>\n\n\n\n<p class=\"has-text-align-center wp-block-paragraph\"><a href=\"mailto:erodriguez@basham.com.mx\">erodriguez@basham.com.mx<\/a><\/p>\n\n\n\n<p class=\"has-text-align-center wp-block-paragraph\"><\/p>\n\n\n\n<p class=\"has-text-align-center wp-block-paragraph\">Iv\u00e1n Garc\u00eda Argueta\u00a0\u00a0<\/p>\n\n\n\n<p class=\"has-text-align-center wp-block-paragraph\">    <a href=\"mailto:iargueta@basham.com.mx\">iargueta@basham.com.mx<\/a>\u00a0\u00a0<\/p>\n\n\n\n<p class=\"has-text-align-center wp-block-paragraph\">                                         \u00a0\u00a0 \u00a0\u00a0\u00a0\u00a0\u00a0\u00a0\u00a0\u00a0\u00a0\u00a0\u00a0\u00a0\u00a0\u00a0\u00a0\u00a0\u00a0\u00a0\u00a0\u00a0\u00a0\u00a0\u00a0\u00a0\u00a0\u00a0\u00a0\u00a0\u00a0\u00a0\u00a0\u00a0\u00a0\u00a0\u00a0\u00a0\u00a0\u00a0\u00a0\u00a0\u00a0\u00a0<\/p>","protected":false},"excerpt":{"rendered":"<p>Ciudad de M\u00e9xico a 24 de agosto de 2023. Despu\u00e9s de m\u00e1s de 140 d\u00edas en los que el Pleno del Instituto Nacional de Transparencia, Acceso a la Informaci\u00f3n y Protecci\u00f3n de Datos Personales (\u201cINAI\u201d) no pudo sesionar ante la ausencia de tres Comisionados, y de los miles de recursos de revisi\u00f3n entre otras resoluciones [&hellip;]<\/p>","protected":false},"author":15,"featured_media":0,"comment_status":"closed","ping_status":"closed","sticky":false,"template":"","format":"standard","meta":{"_crdt_document":"","footnotes":""},"categories":[1252,1451,1294],"tags":[183,1472],"class_list":["post-24040","post","type-post","status-publish","format-standard","hentry","category-espanol","category-espanol-en","category-privacidad-y-proteccion-de-datos","tag-espanol","tag-privacidad-y-proteccion-de-datos-2"],"_links":{"self":[{"href":"https:\/\/basham.com.mx\/en\/wp-json\/wp\/v2\/posts\/24040","targetHints":{"allow":["GET"]}}],"collection":[{"href":"https:\/\/basham.com.mx\/en\/wp-json\/wp\/v2\/posts"}],"about":[{"href":"https:\/\/basham.com.mx\/en\/wp-json\/wp\/v2\/types\/post"}],"author":[{"embeddable":true,"href":"https:\/\/basham.com.mx\/en\/wp-json\/wp\/v2\/users\/15"}],"replies":[{"embeddable":true,"href":"https:\/\/basham.com.mx\/en\/wp-json\/wp\/v2\/comments?post=24040"}],"version-history":[{"count":3,"href":"https:\/\/basham.com.mx\/en\/wp-json\/wp\/v2\/posts\/24040\/revisions"}],"predecessor-version":[{"id":24097,"href":"https:\/\/basham.com.mx\/en\/wp-json\/wp\/v2\/posts\/24040\/revisions\/24097"}],"wp:attachment":[{"href":"https:\/\/basham.com.mx\/en\/wp-json\/wp\/v2\/media?parent=24040"}],"wp:term":[{"taxonomy":"category","embeddable":true,"href":"https:\/\/basham.com.mx\/en\/wp-json\/wp\/v2\/categories?post=24040"},{"taxonomy":"post_tag","embeddable":true,"href":"https:\/\/basham.com.mx\/en\/wp-json\/wp\/v2\/tags?post=24040"}],"curies":[{"name":"wp","href":"https:\/\/api.w.org\/{rel}","templated":true}]}}