{"id":24162,"date":"2023-10-12T16:55:08","date_gmt":"2023-10-12T16:55:08","guid":{"rendered":"https:\/\/basham.com.mx\/?p=24162"},"modified":"2023-10-12T19:53:33","modified_gmt":"2023-10-12T19:53:33","slug":"federal-cybersecurity-law","status":"publish","type":"post","link":"https:\/\/basham.com.mx\/en\/federal-cybersecurity-law\/","title":{"rendered":"Federal Cybersecurity Law"},"content":{"rendered":"<p class=\"has-text-align-right wp-block-paragraph\">Mexico City October 12, 2023.<\/p>\n\n\n\n<p class=\"wp-block-paragraph\">The \u00abFederal Cybersecurity Law\u00bb bill presented by Congressman Javier Joaqu\u00edn L\u00f3pez Casar\u00edn in April 2023 proposes the creation of a legal and operational framework for new cybersecurity authorities and the definition of crimes, homologated with those provided for in the Budapest Convention.<\/p>\n\n\n\n<p class=\"wp-block-paragraph\">The Budapest Convention of the Council of Europe of 2001 aims to establish an international legal framework for cooperation on cybercrime. Mexico only has observer country status, as it has not ratified the Convention. The States Parties must implement two specific issues: i) Criminalization of cybersecurity-related offenses and ii) Giving the competent authorities tools and powers to investigate and punish the commission of these offenses.<\/p>\n\n\n\n<p class=\"wp-block-paragraph\">In this sense, the bill proposes the creation of new crimes and institutions, such as the \u00abNational Cybersecurity Agency\u00bb and a specialized cybercrime prosecutor&#8217;s office. In addition, it grants cybersecurity powers to the Ministry of National Defense and the Ministry of the Navy and proposes the appointment of specialized judges in this area.<\/p>\n\n\n\n<p class=\"wp-block-paragraph\">The proposed law also establishes obligations for private parties, including the notification of cybersecurity incidents, the presence of a legal representative in Mexico, and the creation of cybersecurity incident response units.<\/p>\n\n\n\n<p class=\"wp-block-paragraph\">This initiative is currently in the Chamber of Deputies in the United Commissions of Citizen Security and Science, Technology, and Innovation for assessment. Therefore, if a favorable assessment is obtained, the initiative could be discussed in the Chamber of Deputies during the current session from September 1 to December 15. Likewise, civil society and private industry have expressed their concerns about the possible human rights violations that could result from its implementation. The proposed law would substantially modify the legal framework for both authorities and private parties, and its discussion should be closely followed. If you need further information on this matter please let us know.<\/p>\n\n\n\n<p class=\"has-text-align-center wp-block-paragraph\">SINCERELY:<\/p>\n\n\n\n<p class=\"has-text-align-center wp-block-paragraph\">Adolfo Athi\u00e9 Cervantes<\/p>\n\n\n\n<p class=\"has-text-align-center wp-block-paragraph\"><a href=\"mailto:aathie@basham.com.mx\">aathie@basham.com.mx<\/a><\/p>\n\n\n\n<p class=\"has-text-align-center wp-block-paragraph\">Renata Denisse Buer\u00f3n Valenzuela<\/p>\n\n\n\n<p class=\"has-text-align-center wp-block-paragraph\"><a href=\"mailto:rbueron@basham.com.mx\">rbueron@basham.com.mx<\/a><\/p>\n\n\n\n<p class=\"has-text-align-center wp-block-paragraph\">Erika Itzel Rodr\u00edguez Kushelevich<\/p>\n\n\n\n<p class=\"has-text-align-center wp-block-paragraph\"><a href=\"mailto:erodriguez@basham.com.mx\">erodriguez@basham.com.mx<\/a><\/p>\n\n\n\n<p class=\"has-text-align-center wp-block-paragraph\">Ivan Garcia Argueta<\/p>\n\n\n\n<p class=\"has-text-align-center wp-block-paragraph\"><a href=\"mailto:igarcia@basham.com.mx\">igarcia@basham.com.mx<\/a><\/p>","protected":false},"excerpt":{"rendered":"<p>Mexico City October 12, 2023. The \u00abFederal Cybersecurity Law\u00bb bill presented by Congressman Javier Joaqu\u00edn L\u00f3pez Casar\u00edn in April 2023 proposes the creation of a legal and operational framework for new cybersecurity authorities and the definition of crimes, homologated with those provided for in the Budapest Convention. The Budapest Convention of the Council of Europe [&hellip;]<\/p>","protected":false},"author":15,"featured_media":0,"comment_status":"closed","ping_status":"closed","sticky":false,"template":"","format":"standard","meta":{"_crdt_document":"","footnotes":""},"categories":[1320,1264,1324,1296,1334],"tags":[206,1473,269],"class_list":["post-24162","post","type-post","status-publish","format-standard","hentry","category-ingles","category-english","category-english-en","category-privacy-data-protection","category-privacy-data-protection-en","tag-english","tag-ingles","tag-privacy-data-protection"],"_links":{"self":[{"href":"https:\/\/basham.com.mx\/en\/wp-json\/wp\/v2\/posts\/24162","targetHints":{"allow":["GET"]}}],"collection":[{"href":"https:\/\/basham.com.mx\/en\/wp-json\/wp\/v2\/posts"}],"about":[{"href":"https:\/\/basham.com.mx\/en\/wp-json\/wp\/v2\/types\/post"}],"author":[{"embeddable":true,"href":"https:\/\/basham.com.mx\/en\/wp-json\/wp\/v2\/users\/15"}],"replies":[{"embeddable":true,"href":"https:\/\/basham.com.mx\/en\/wp-json\/wp\/v2\/comments?post=24162"}],"version-history":[{"count":3,"href":"https:\/\/basham.com.mx\/en\/wp-json\/wp\/v2\/posts\/24162\/revisions"}],"predecessor-version":[{"id":24167,"href":"https:\/\/basham.com.mx\/en\/wp-json\/wp\/v2\/posts\/24162\/revisions\/24167"}],"wp:attachment":[{"href":"https:\/\/basham.com.mx\/en\/wp-json\/wp\/v2\/media?parent=24162"}],"wp:term":[{"taxonomy":"category","embeddable":true,"href":"https:\/\/basham.com.mx\/en\/wp-json\/wp\/v2\/categories?post=24162"},{"taxonomy":"post_tag","embeddable":true,"href":"https:\/\/basham.com.mx\/en\/wp-json\/wp\/v2\/tags?post=24162"}],"curies":[{"name":"wp","href":"https:\/\/api.w.org\/{rel}","templated":true}]}}