{"id":24217,"date":"2023-10-27T20:32:05","date_gmt":"2023-10-27T20:32:05","guid":{"rendered":"https:\/\/basham.com.mx\/?p=24217"},"modified":"2023-10-27T20:46:44","modified_gmt":"2023-10-27T20:46:44","slug":"segunda-sala-de-la-suprema-corte-de-justicia-declara-inconstitucional-el-articulo-29-a-cuarto-parrafo-del-codigo-fiscal-de-la-federacion-referente-al-limite-temporal-para-cancelar-cfdi","status":"publish","type":"post","link":"https:\/\/basham.com.mx\/en\/segunda-sala-de-la-suprema-corte-de-justicia-declara-inconstitucional-el-articulo-29-a-cuarto-parrafo-del-codigo-fiscal-de-la-federacion-referente-al-limite-temporal-para-cancelar-cfdi\/","title":{"rendered":"Segunda Sala de la Suprema Corte de Justicia declara inconstitucional el art\u00edculo 29-A, cuarto p\u00e1rrafo del C\u00f3digo Fiscal de la Federaci\u00f3n, referente al l\u00edmite temporal para cancelar CFDI."},"content":{"rendered":"<p class=\"has-text-align-right wp-block-paragraph\">Ciudad de M\u00e9xico a 27 de octubre de 2023.<\/p>\n\n\n\n<p class=\"wp-block-paragraph\">En sesi\u00f3n del 25 de octubre de 2023, la Segunda Sala de la Suprema Corte de Justicia de la Naci\u00f3n declar\u00f3 la inconstitucionalidad del art\u00edculo 29-A, cuarto p\u00e1rrafo del C\u00f3digo Fiscal de la Federaci\u00f3n<a href=\"#_ftn1\" id=\"_ftnref1\">[1]<\/a>, al resolver el amparo en revisi\u00f3n 683\/2023.<\/p>\n\n\n\n<p class=\"wp-block-paragraph\">El proyecto presentado se\u00f1ala que el art\u00edculo 29-A, cuarto p\u00e1rrafo del C\u00f3digo Fiscal de la Federaci\u00f3n provoca inseguridad jur\u00eddica, al pasar por alto el dinamismo de las operaciones comerciales en la realidad, en la que pueden ocurrir no solamente errores en la emisi\u00f3n del CFDI sino tambi\u00e9n terminaci\u00f3n anticipada o incumplimiento de contratos, cancelaci\u00f3n de servicios, entre otros supuestos.<\/p>\n\n\n\n<p class=\"wp-block-paragraph\">Una vez que se publique la versi\u00f3n final de la sentencia, se conocer\u00e1 con certeza los argumentos que la Segunda Sala esgrimi\u00f3 para declarar inconstitucional el art\u00edculo 29-A, cuarto p\u00e1rrafo del C\u00f3digo Fiscal de la Federaci\u00f3n y sus efectos.<\/p>\n\n\n\n<p class=\"wp-block-paragraph\">El \u00e1rea fiscal de nuestra firma est\u00e1 a sus \u00f3rdenes para cualquier duda o comentario sobre este comunicado.<\/p>\n\n\n\n<p class=\"has-text-align-center wp-block-paragraph\"><strong>ATTENTIVELY<\/strong><\/p>\n\n\n\n<p class=\"has-text-align-center wp-block-paragraph\">Gerardo Nieto<\/p>\n\n\n\n<p class=\"has-text-align-center wp-block-paragraph\"><a href=\"mailto:nieto@basham.com.mx\">nieto@basham.com.mx<\/a><\/p>\n\n\n\n<p class=\"has-text-align-center wp-block-paragraph\">Gil Zenteno<\/p>\n\n\n\n<p class=\"has-text-align-center wp-block-paragraph\"><a href=\"mailto:zenteno@basham.com.mx\">zenteno@basham.com.mx<\/a><\/p>\n\n\n\n<p class=\"has-text-align-center wp-block-paragraph\">Alejandro Barrera<\/p>\n\n\n\n<p class=\"has-text-align-center wp-block-paragraph\"><a href=\"mailto:barrera@basham.com.mx\">barrera@basham.com.mx<\/a><\/p>\n\n\n\n<p class=\"has-text-align-center wp-block-paragraph\">Victor Barajas<\/p>\n\n\n\n<p class=\"has-text-align-center wp-block-paragraph\"><a href=\"mailto:mbarajas@basham.com.mx\">mbarajas@basham.com.mx<\/a><\/p>\n\n\n\n<p class=\"has-text-align-center wp-block-paragraph\">Sergio Barajas<\/p>\n\n\n\n<p class=\"has-text-align-center wp-block-paragraph\"><a href=\"mailto:barajas@basham.com.mx\">barajas@basham.com.mx<\/a><\/p>\n\n\n\n<p class=\"has-text-align-center wp-block-paragraph\">Francisco Matus<\/p>\n\n\n\n<p class=\"has-text-align-center wp-block-paragraph\"><a href=\"mailto:fmatus@basham.com.mx\">fmatus@basham.com.mx<\/a><\/p>\n\n\n\n<p class=\"has-text-align-center wp-block-paragraph\">Norberto Ruiz<\/p>\n\n\n\n<p class=\"has-text-align-center wp-block-paragraph\"><a href=\"mailto:nruiz@basham.com.mx\">nruiz@basham.com.mx<\/a><\/p>\n\n\n\n<hr class=\"wp-block-separator has-alpha-channel-opacity\"\/>\n\n\n\n<p class=\"wp-block-paragraph\"><a href=\"#_ftnref1\" id=\"_ftn1\">[1]<\/a> Vigente a partir del 1\u00b0 de enero de 2022<\/p>","protected":false},"excerpt":{"rendered":"<p>Ciudad de M\u00e9xico a 27 de octubre de 2023. En sesi\u00f3n del 25 de octubre de 2023, la Segunda Sala de la Suprema Corte de Justicia de la Naci\u00f3n declar\u00f3 la inconstitucionalidad del art\u00edculo 29-A, cuarto p\u00e1rrafo del C\u00f3digo Fiscal de la Federaci\u00f3n[1], al resolver el amparo en revisi\u00f3n 683\/2023. El proyecto presentado se\u00f1ala que [&hellip;]<\/p>","protected":false},"author":15,"featured_media":0,"comment_status":"closed","ping_status":"closed","sticky":false,"template":"","format":"standard","meta":{"_crdt_document":"","footnotes":""},"categories":[1252,1451,1254],"tags":[],"class_list":["post-24217","post","type-post","status-publish","format-standard","hentry","category-espanol","category-espanol-en","category-fiscal"],"_links":{"self":[{"href":"https:\/\/basham.com.mx\/en\/wp-json\/wp\/v2\/posts\/24217","targetHints":{"allow":["GET"]}}],"collection":[{"href":"https:\/\/basham.com.mx\/en\/wp-json\/wp\/v2\/posts"}],"about":[{"href":"https:\/\/basham.com.mx\/en\/wp-json\/wp\/v2\/types\/post"}],"author":[{"embeddable":true,"href":"https:\/\/basham.com.mx\/en\/wp-json\/wp\/v2\/users\/15"}],"replies":[{"embeddable":true,"href":"https:\/\/basham.com.mx\/en\/wp-json\/wp\/v2\/comments?post=24217"}],"version-history":[{"count":2,"href":"https:\/\/basham.com.mx\/en\/wp-json\/wp\/v2\/posts\/24217\/revisions"}],"predecessor-version":[{"id":24219,"href":"https:\/\/basham.com.mx\/en\/wp-json\/wp\/v2\/posts\/24217\/revisions\/24219"}],"wp:attachment":[{"href":"https:\/\/basham.com.mx\/en\/wp-json\/wp\/v2\/media?parent=24217"}],"wp:term":[{"taxonomy":"category","embeddable":true,"href":"https:\/\/basham.com.mx\/en\/wp-json\/wp\/v2\/categories?post=24217"},{"taxonomy":"post_tag","embeddable":true,"href":"https:\/\/basham.com.mx\/en\/wp-json\/wp\/v2\/tags?post=24217"}],"curies":[{"name":"wp","href":"https:\/\/api.w.org\/{rel}","templated":true}]}}