{"id":24231,"date":"2023-11-01T18:47:00","date_gmt":"2023-11-01T18:47:00","guid":{"rendered":"https:\/\/basham.com.mx\/?p=24231"},"modified":"2023-11-01T22:43:08","modified_gmt":"2023-11-01T22:43:08","slug":"imss-apoyo-a-patrones-y-trabajadores-afectados-por-el-huracan-otis-en-el-estado-de-guerrero","status":"publish","type":"post","link":"https:\/\/basham.com.mx\/en\/imss-apoyo-a-patrones-y-trabajadores-afectados-por-el-huracan-otis-en-el-estado-de-guerrero\/","title":{"rendered":"IMSS: Apoyo a patrones y trabajadores afectados por el hurac\u00e1n Otis en el Estado de Guerrero."},"content":{"rendered":"<p class=\"has-text-align-right wp-block-paragraph\">Ciudad de M\u00e9xico a 1\u00b0 de noviembre de 2023.<\/p>\n\n\n\n<p class=\"wp-block-paragraph\">El 31 de octubre de 2023, el Consejo T\u00e9cnico del Instituto Mexicano del Seguro Social (IMSS), difundi\u00f3 el comunicado sobre facilidades administrativas para apoyar a patrones, trabajadores y derechohabientes en los municipios del Estado de Guerrero, afectados por el hurac\u00e1n Otis.<\/p>\n\n\n\n<p class=\"wp-block-paragraph\">En ese documento se establecen las siguientes facilidades administrativas:<\/p>\n\n\n\n<ul class=\"wp-block-list\">\n<li>Suspensi\u00f3n del pago de cuotas obrero-patronales por un plazo de tres meses, incluyendo cualquier otro requerimiento de pago;<\/li>\n<\/ul>\n\n\n\n<ul class=\"wp-block-list\">\n<li>Pago a plazos de cuotas patronales hasta por seis periodos posteriores a la fecha de la solicitud presentada por el patr\u00f3n;<\/li>\n<\/ul>\n\n\n\n<ul class=\"wp-block-list\">\n<li>Para los patrones que tengan suscritos Convenios de pago en parcialidades, se suspender\u00e1 el pago hasta enero de 2024, sin cargos adicionales por retraso o demora;<\/li>\n<\/ul>\n\n\n\n<ul class=\"wp-block-list\">\n<li>Suspensi\u00f3n de actos de fiscalizaci\u00f3n y cobranza hasta enero de 2024, sin imposici\u00f3n de multas;<\/li>\n<\/ul>\n\n\n\n<ul class=\"wp-block-list\">\n<li>Autorizaci\u00f3n del pago de ayuda econ\u00f3mica directamente a los padres y madres cuyos hijos se encontraban registrados en las Guarder\u00edas, mientras se restablece este servicio; y<\/li>\n<\/ul>\n\n\n\n<ul class=\"wp-block-list\">\n<li>Garant\u00eda de asistencia m\u00e9dica, de maternidad, quir\u00fargica, farmac\u00e9utica y hospitalaria para los trabajadores y derechohabientes y, durante ocho semanas, a los trabajadores que hayan sido dados de baja de sus empleos.<\/li>\n<\/ul>\n\n\n\n<p class=\"wp-block-paragraph\"><\/p>\n\n\n\n<p class=\"wp-block-paragraph\">Los abogados del \u00e1rea de seguridad social, estamos a sus \u00f3rdenes para brindarles el apoyo o asesor\u00eda que requieran sobre el particular.<\/p>\n\n\n\n<p class=\"has-text-align-center wp-block-paragraph\">ATTENTIVELY<\/p>\n\n\n\n<p class=\"has-text-align-center wp-block-paragraph\">Gil Zenteno Garc\u00eda<\/p>\n\n\n\n<p class=\"has-text-align-center wp-block-paragraph\">zenteno@basham.com.mx<\/p>\n\n\n\n<p class=\"wp-block-paragraph\"><\/p>\n\n\n\n<p class=\"has-text-align-center wp-block-paragraph\">Santiago Villanueva Dur\u00e1n<\/p>\n\n\n\n<p class=\"has-text-align-center wp-block-paragraph\">svillanueva@basham.com.mx<\/p>\n\n\n\n<p class=\"wp-block-paragraph\"><\/p>\n\n\n\n<p class=\"has-text-align-center wp-block-paragraph\">Sebasti\u00e1n Gonz\u00e1lez Salm\u00f3n<\/p>\n\n\n\n<p class=\"has-text-align-center wp-block-paragraph\"><a href=\"mailto:segonzalez@basham.com.mx\">segonzalez@basham.com.mx<\/a><\/p>\n\n\n\n<p class=\"wp-block-paragraph\"><\/p>\n\n\n\n<p class=\"has-text-align-center wp-block-paragraph\">Daniela Hidalgo Mart\u00ednez<\/p>\n\n\n\n<p class=\"has-text-align-center wp-block-paragraph\"><a href=\"mailto:dhidalgo@basham.com.mx\">dhidalgo@basham.com.mx<\/a><\/p>","protected":false},"excerpt":{"rendered":"<p>Ciudad de M\u00e9xico a 1\u00b0 de noviembre de 2023. El 31 de octubre de 2023, el Consejo T\u00e9cnico del Instituto Mexicano del Seguro Social (IMSS), difundi\u00f3 el comunicado sobre facilidades administrativas para apoyar a patrones, trabajadores y derechohabientes en los municipios del Estado de Guerrero, afectados por el hurac\u00e1n Otis. En ese documento se establecen [&hellip;]<\/p>","protected":false},"author":15,"featured_media":0,"comment_status":"closed","ping_status":"closed","sticky":false,"template":"","format":"standard","meta":{"_crdt_document":"","footnotes":""},"categories":[1252,1451,1262],"tags":[183,203],"class_list":["post-24231","post","type-post","status-publish","format-standard","hentry","category-espanol","category-espanol-en","category-seguridad-social","tag-espanol","tag-seguridad-social"],"_links":{"self":[{"href":"https:\/\/basham.com.mx\/en\/wp-json\/wp\/v2\/posts\/24231","targetHints":{"allow":["GET"]}}],"collection":[{"href":"https:\/\/basham.com.mx\/en\/wp-json\/wp\/v2\/posts"}],"about":[{"href":"https:\/\/basham.com.mx\/en\/wp-json\/wp\/v2\/types\/post"}],"author":[{"embeddable":true,"href":"https:\/\/basham.com.mx\/en\/wp-json\/wp\/v2\/users\/15"}],"replies":[{"embeddable":true,"href":"https:\/\/basham.com.mx\/en\/wp-json\/wp\/v2\/comments?post=24231"}],"version-history":[{"count":3,"href":"https:\/\/basham.com.mx\/en\/wp-json\/wp\/v2\/posts\/24231\/revisions"}],"predecessor-version":[{"id":24235,"href":"https:\/\/basham.com.mx\/en\/wp-json\/wp\/v2\/posts\/24231\/revisions\/24235"}],"wp:attachment":[{"href":"https:\/\/basham.com.mx\/en\/wp-json\/wp\/v2\/media?parent=24231"}],"wp:term":[{"taxonomy":"category","embeddable":true,"href":"https:\/\/basham.com.mx\/en\/wp-json\/wp\/v2\/categories?post=24231"},{"taxonomy":"post_tag","embeddable":true,"href":"https:\/\/basham.com.mx\/en\/wp-json\/wp\/v2\/tags?post=24231"}],"curies":[{"name":"wp","href":"https:\/\/api.w.org\/{rel}","templated":true}]}}