{"id":24856,"date":"2024-04-24T03:01:44","date_gmt":"2024-04-24T03:01:44","guid":{"rendered":"https:\/\/basham.com.mx\/?p=24856"},"modified":"2024-04-24T16:05:01","modified_gmt":"2024-04-24T16:05:01","slug":"implementan-aranceles-temporales-a-544-productos","status":"publish","type":"post","link":"https:\/\/basham.com.mx\/en\/implementan-aranceles-temporales-a-544-productos\/","title":{"rendered":"Implementan aranceles temporales a 544 productos."},"content":{"rendered":"<p class=\"has-text-align-right wp-block-paragraph\">Ciudad de M\u00e9xico a 24 de abril de 2024.<\/p>\n\n\n\n<p class=\"wp-block-paragraph\">El pasado 22 de abril se public\u00f3 en la edici\u00f3n vespertina del Diario Oficial de la Federaci\u00f3n el Decreto por el que se modifica la Ley de los Impuestos Generales de Importaci\u00f3n y de Exportaci\u00f3n, a trav\u00e9s del cual se establecen aranceles temporales, de entre 5% a 50%, a la importaci\u00f3n de mercanc\u00edas clasificadas en <strong>544 fracciones arancelarias<\/strong> provenientes de pa\u00edses con los cuales M\u00e9xico no ha suscrito alg\u00fan tratado de libre comercio.<\/p>\n\n\n\n<p class=\"wp-block-paragraph\">La publicaci\u00f3n establece que la medida afecta a productos del sector <strong>acero, aluminio, textiles, confecci\u00f3n, calzado<\/strong>, madera, pl\u00e1stico y sus manufacturas, productos qu\u00edmicos, papel y cart\u00f3n, productos&nbsp;cer\u00e1micos, vidrio y sus manufacturas, material el\u00e9ctrico, material de transporte, instrumentos musicales,&nbsp;muebles, entre otras.<\/p>\n\n\n\n<p class=\"wp-block-paragraph\"><strong>Principales Cambios<\/strong><\/p>\n\n\n\n<ol class=\"wp-block-list\" style=\"list-style-type:lower-alpha\">\n<li>388 fracciones arancelarias contin\u00faan con un arancel temporal igual o mayor respecto de la publicaci\u00f3n del Decreto por el que se modifica la Tarifa de la Ley de los Impuestos Generales de Importaci\u00f3n y de Exportaci\u00f3n, publicado en el DOF el 15 de agosto de 2023.<\/li>\n\n\n\n<li>Las fracciones arancelarias 4901.99.91, 7104.10.01, 7104.91.01 y 7104.99.99 son eliminadas de dicha medida temporal.<\/li>\n\n\n\n<li>156 fracciones arancelarias son incorporadas con un arancel de entre 5 y 35%a la importaci\u00f3n.<\/li>\n<\/ol>\n\n\n\n<p class=\"wp-block-paragraph\"><\/p>\n\n\n\n<p class=\"wp-block-paragraph\">Para la revisi\u00f3n de las fracciones arancelarias afectadas con la medida, podr\u00e1s ingresar al documento con los tres supuestos mencionados a trav\u00e9s de la siguiente liga: <a href=\"https:\/\/www.basham.com.mx\/mailing\/Notainformativa230424.pdf\">https:\/\/www.basham.com.mx\/mailing\/Notainformativa230424.pdf<\/a><\/p>\n\n\n\n<p class=\"wp-block-paragraph\"><strong>Aspectos relevantes por considerar<\/strong><\/p>\n\n\n\n<p class=\"wp-block-paragraph\">La medida entr\u00f3 en vigor el 23 de abril de 2024 y estar\u00e1 vigente por un lapso de dos a\u00f1os, es decir, hasta el 23 de abril de 2026.<\/p>\n\n\n\n<p class=\"wp-block-paragraph\">Aquellas mercanc\u00edas que ingresaron al pa\u00eds antes de la entrada en vigor del Decreto en comento, no les ser\u00e1 aplicable el nuevo arancel, lo anterior, en t\u00e9rminos del art\u00edculo 56 de la Ley Aduanera.<\/p>\n\n\n\n<p class=\"wp-block-paragraph\">El nuevo arancel temporal afecta \u00fanicamente a las importaciones sujetas al pago del impuesto general de importaci\u00f3n y no para las que se importan al amparo de un Tratado de Libre Comercio.<\/p>\n\n\n\n<p class=\"wp-block-paragraph\">The lawyers of the area are at the best disposition to solve your doubts regarding the application and effects of this Decree or any other subject or litigious matter related to Foreign Trade, Customs and Regulatory matters.&nbsp;<\/p>\n\n\n\n<p class=\"has-text-align-center wp-block-paragraph\"><strong>A T T E N T A M E N T,<\/strong><\/p>\n\n\n\n<p class=\"has-text-align-center wp-block-paragraph\">Sergio N. Barajas<\/p>\n\n\n\n<p class=\"has-text-align-center wp-block-paragraph\"><a href=\"mailto:barajas@basham.com.mx\">barajas@basham.com.mx<\/a><\/p>\n\n\n\n<p class=\"has-text-align-center wp-block-paragraph\">Pamela Pinto<\/p>\n\n\n\n<p class=\"has-text-align-center wp-block-paragraph\"><a href=\"mailto:ppinto@basham.com.mx\">ppinto@basham.com.mx<\/a><\/p>\n\n\n\n<p class=\"has-text-align-center wp-block-paragraph\">Gustavo Guill\u00e9n<\/p>\n\n\n\n<p class=\"has-text-align-center wp-block-paragraph\"><a href=\"mailto:gguillen@basham.com.mx\">gguillen@basham.com.mx<\/a><\/p>\n\n\n\n<p class=\"has-text-align-center wp-block-paragraph\">Benito Adolfo Gonz\u00e1lez Trejo<\/p>\n\n\n\n<p class=\"has-text-align-center wp-block-paragraph\"><a href=\"mailto:bgonzalez@basham.com.mx\">bgonzalez@basham.com.mx<\/a><\/p>\n\n\n\n<p class=\"has-text-align-center wp-block-paragraph\">Alberto Sandoval Felix<\/p>\n\n\n\n<p class=\"has-text-align-center wp-block-paragraph\">asandoval@basham.com.mx <\/p>\n\n\n\n<p class=\"wp-block-paragraph\"><strong>NOTE: It is important to clarify that this Newsletter is only an informative publication for clients of Basham, Ringe y Correa, S.C., since the comments herein are derived from the publication in the Official Gazette of the Federation, today, of the Agreement by which the Ministry of Economy issues rules and criteria of a general nature in foreign trade matters, and consequently, do not refer to interpretations of specific cases or real situations that may constitute a particular advice.<\/strong><\/p>\n\n\n\n<p class=\"wp-block-paragraph\"><strong>The decision to consult this newsletter is completely free and, consequently, the Firm cannot be held responsible for any misuse due to actions based on the information or general comments contained in this publication. <\/strong>&nbsp;<\/p>","protected":false},"excerpt":{"rendered":"<p>Ciudad de M\u00e9xico a 24 de abril de 2024. El pasado 22 de abril se public\u00f3 en la edici\u00f3n vespertina del Diario Oficial de la Federaci\u00f3n el Decreto por el que se modifica la Ley de los Impuestos Generales de Importaci\u00f3n y de Exportaci\u00f3n, a trav\u00e9s del cual se establecen aranceles temporales, de entre 5% [&hellip;]<\/p>","protected":false},"author":15,"featured_media":0,"comment_status":"closed","ping_status":"closed","sticky":false,"template":"","format":"standard","meta":{"_crdt_document":"","footnotes":""},"categories":[1252,1287,1451],"tags":[],"class_list":["post-24856","post","type-post","status-publish","format-standard","hentry","category-espanol","category-comercio-exterior","category-espanol-en"],"_links":{"self":[{"href":"https:\/\/basham.com.mx\/en\/wp-json\/wp\/v2\/posts\/24856","targetHints":{"allow":["GET"]}}],"collection":[{"href":"https:\/\/basham.com.mx\/en\/wp-json\/wp\/v2\/posts"}],"about":[{"href":"https:\/\/basham.com.mx\/en\/wp-json\/wp\/v2\/types\/post"}],"author":[{"embeddable":true,"href":"https:\/\/basham.com.mx\/en\/wp-json\/wp\/v2\/users\/15"}],"replies":[{"embeddable":true,"href":"https:\/\/basham.com.mx\/en\/wp-json\/wp\/v2\/comments?post=24856"}],"version-history":[{"count":5,"href":"https:\/\/basham.com.mx\/en\/wp-json\/wp\/v2\/posts\/24856\/revisions"}],"predecessor-version":[{"id":24864,"href":"https:\/\/basham.com.mx\/en\/wp-json\/wp\/v2\/posts\/24856\/revisions\/24864"}],"wp:attachment":[{"href":"https:\/\/basham.com.mx\/en\/wp-json\/wp\/v2\/media?parent=24856"}],"wp:term":[{"taxonomy":"category","embeddable":true,"href":"https:\/\/basham.com.mx\/en\/wp-json\/wp\/v2\/categories?post=24856"},{"taxonomy":"post_tag","embeddable":true,"href":"https:\/\/basham.com.mx\/en\/wp-json\/wp\/v2\/tags?post=24856"}],"curies":[{"name":"wp","href":"https:\/\/api.w.org\/{rel}","templated":true}]}}