{"id":24914,"date":"2024-05-15T17:34:10","date_gmt":"2024-05-15T17:34:10","guid":{"rendered":"https:\/\/basham.com.mx\/?p=24914"},"modified":"2024-05-15T20:07:03","modified_gmt":"2024-05-15T20:07:03","slug":"carlos-velazquez-de-leon-socio-de-basham-ringe-y-correa-es-nombrado-presidente-del-comite-ejecutivo-de-lex-mundi","status":"publish","type":"post","link":"https:\/\/basham.com.mx\/en\/carlos-velazquez-de-leon-socio-de-basham-ringe-y-correa-es-nombrado-presidente-del-comite-ejecutivo-de-lex-mundi\/","title":{"rendered":"CARLOS VEL\u00c1ZQUEZ DE LE\u00d3N, SOCIO DE BASHAM, RINGE Y CORREA ES NOMBRADO PRESIDENTE DEL CONSEJO DE ADMINISTRACI\u00d3N DE LEX MUNDI."},"content":{"rendered":"<p class=\"has-text-align-right wp-block-paragraph\">Ciudad de M\u00e9xico a 15 de mayo de 2024. <\/p>\n\n\n\n<p class=\"wp-block-paragraph\">Carlos Vel\u00e1zquez De Le\u00f3n fue elegido presidente del Consejo de Administraci\u00f3n de Lex Mundi, red l\u00edder de firmas de abogados independientes a nivel global con m\u00e1s de 150 empresas afiliadas y 22,000 abogados en todo el mundo. El nombramiento se dio luego de la Conferencia Anual Connect &amp; Collaborate que tuvo lugar en Londres el 10 de mayo de 2024.<\/p>\n\n\n\n<p class=\"wp-block-paragraph\">\u201cAl asumir este rol, soy consciente de la naturaleza en constante evoluci\u00f3n del panorama legal a nivel global, con actores nuevos y poderosos que emergen para recordarnos las oportunidades y desaf\u00edos que nos esperan. Ahora es m\u00e1s importante que nunca cerrar filas y mostrarle al mundo que las firmas de Lex Mundi cuentan con los m\u00e1s altos est\u00e1ndares en servicios legales. No tengo duda de que con el enfoque de Lex Mundi en la visi\u00f3n global, la innovaci\u00f3n, la colaboraci\u00f3n y el compromiso con nuestros valores, nos mantendremos a la vanguardia de la industria\u201d, mencion\u00f3 Carlos.<\/p>\n\n\n\n<p class=\"wp-block-paragraph\">Vel\u00e1zquez de Le\u00f3n, socio de la firma de abogados l\u00edder Basham, Ringe Y Correa, S.C. en Monterrey para el \u00e1rea de derecho Corporativo, ha formado parte del Consejo de Administraci\u00f3n de Lex Mundi desde 2020 hasta la actualidad. Anteriormente ocup\u00f3 los cargos de secretario y presidente electo. Durante su funci\u00f3n como presidente, que tendr\u00e1 duraci\u00f3n de un a\u00f1o, aprovechar\u00e1 su amplia experiencia para apoyar al Consejo en la elaboraci\u00f3n y realizaci\u00f3n de la visi\u00f3n global de la red.<\/p>\n\n\n\n<p class=\"wp-block-paragraph\">Helena Samaha, presidenta y directora ejecutiva de Lex Mundi, a\u00f1adi\u00f3: \u201cEstamos encantados de darle la bienvenida a Carlos al cargo de presidente. Su liderazgo ser\u00e1 crucial a medida que nos embarcamos en un nuevo plan estrat\u00e9gico para el \u00e9xito y desarrollo futuro de Lex Mundi, que llevaremos a cabo bajo la direcci\u00f3n de Carlos\u201d.<\/p>\n\n\n\n<p class=\"wp-block-paragraph\">El nombramiento de Carlos es un testimonio del talento excepcional en Basham, Ringe y Correa, que tiene una distinguida historia en M\u00e9xico que abarca m\u00e1s de 100 a\u00f1os en los que se ha ganado la confianza de sus clientes. Tambi\u00e9n refleja el compromiso continuo de la firma con la excelencia y el liderazgo en la profesi\u00f3n jur\u00eddica.<\/p>","protected":false},"excerpt":{"rendered":"<p>Ciudad de M\u00e9xico a 15 de mayo de 2024. Carlos Vel\u00e1zquez De Le\u00f3n fue elegido presidente del Consejo de Administraci\u00f3n de Lex Mundi, red l\u00edder de firmas de abogados independientes a nivel global con m\u00e1s de 150 empresas afiliadas y 22,000 abogados en todo el mundo. El nombramiento se dio luego de la Conferencia Anual [&hellip;]<\/p>","protected":false},"author":15,"featured_media":0,"comment_status":"closed","ping_status":"closed","sticky":false,"template":"","format":"standard","meta":{"_crdt_document":"","footnotes":""},"categories":[1252,1451],"tags":[183,1506],"class_list":["post-24914","post","type-post","status-publish","format-standard","hentry","category-espanol","category-espanol-en","tag-espanol","tag-press-release"],"_links":{"self":[{"href":"https:\/\/basham.com.mx\/en\/wp-json\/wp\/v2\/posts\/24914","targetHints":{"allow":["GET"]}}],"collection":[{"href":"https:\/\/basham.com.mx\/en\/wp-json\/wp\/v2\/posts"}],"about":[{"href":"https:\/\/basham.com.mx\/en\/wp-json\/wp\/v2\/types\/post"}],"author":[{"embeddable":true,"href":"https:\/\/basham.com.mx\/en\/wp-json\/wp\/v2\/users\/15"}],"replies":[{"embeddable":true,"href":"https:\/\/basham.com.mx\/en\/wp-json\/wp\/v2\/comments?post=24914"}],"version-history":[{"count":2,"href":"https:\/\/basham.com.mx\/en\/wp-json\/wp\/v2\/posts\/24914\/revisions"}],"predecessor-version":[{"id":24919,"href":"https:\/\/basham.com.mx\/en\/wp-json\/wp\/v2\/posts\/24914\/revisions\/24919"}],"wp:attachment":[{"href":"https:\/\/basham.com.mx\/en\/wp-json\/wp\/v2\/media?parent=24914"}],"wp:term":[{"taxonomy":"category","embeddable":true,"href":"https:\/\/basham.com.mx\/en\/wp-json\/wp\/v2\/categories?post=24914"},{"taxonomy":"post_tag","embeddable":true,"href":"https:\/\/basham.com.mx\/en\/wp-json\/wp\/v2\/tags?post=24914"}],"curies":[{"name":"wp","href":"https:\/\/api.w.org\/{rel}","templated":true}]}}