{"id":24928,"date":"2024-05-20T17:29:44","date_gmt":"2024-05-20T17:29:44","guid":{"rendered":"https:\/\/basham.com.mx\/?p=24928"},"modified":"2024-05-20T18:57:55","modified_gmt":"2024-05-20T18:57:55","slug":"el-consejo-de-europa-adopto-el-17-de-mayo-de-este-ano-el-primer-tratado-internacional-vinculante-en-materia-de-inteligencia-artificial","status":"publish","type":"post","link":"https:\/\/basham.com.mx\/en\/el-consejo-de-europa-adopto-el-17-de-mayo-de-este-ano-el-primer-tratado-internacional-vinculante-en-materia-de-inteligencia-artificial\/","title":{"rendered":"El Consejo de Europa adopt\u00f3 el 17 de mayo de este a\u00f1o el primer tratado internacional vinculante en materia de Inteligencia\u00a0Artificial"},"content":{"rendered":"<p class=\"has-text-align-right wp-block-paragraph\">Ciudad de M\u00e9xico 20 de mayo 2024<\/p>\n\n\n\n<p class=\"wp-block-paragraph\">El&nbsp;<a href=\"http:\/\/search.coe.int\/cm\/Pages\/result_details.aspx?ObjectId=0900001680afb11f\" target=\"_blank\" rel=\"noopener\">Convenio Marco del Consejo de Europa sobre Inteligencia Artificial y derechos humanos, democracia y Estado de derecho<\/a>, ha sido adoptado en Estrasburgo durante la reuni\u00f3n ministerial anual del Comit\u00e9 de Ministros del Consejo de Europa, que re\u00fane a los ministros de Asuntos Exteriores de los 46 Estados miembros del Consejo de Europa.<\/p>\n\n\n\n<p class=\"wp-block-paragraph\">Este Convenio tiene por objeto proteger que en el desarrollo y uso de los sistemas de inteligencia artificial se respeten y garanticen los derechos humanos, el Estado de derecho, y los principios democr\u00e1ticos. El Convenio Marco quedar\u00e1 abierto para su firma en Vilna (Lituania) el pr\u00f3ximo 5 de septiembre con motivo de una conferencia de los ministros de Justicia del Consejo de Europa y estar\u00e1 tambi\u00e9n abierto a la firma de pa\u00edses no miembros de la Uni\u00f3n Europea.<\/p>\n\n\n\n<p class=\"wp-block-paragraph\">El Tratado establece un marco jur\u00eddico que rige en cada una de las fases del ciclo de vida de los sistemas de inteligencia artificial; est\u00e1 basado en los riesgos que estos sistemas &#8211; desde su dise\u00f1o, desarrollo, y uso- puedan representar.<\/p>\n\n\n\n<p class=\"wp-block-paragraph\">Elaboraremos un an\u00e1lisis con mayor profundidad del Tratado, incluiremos, por ejemplo, la exclusi\u00f3n del tema \u201cseguridad nacional\u201d, las formas que las Partes tendr\u00e1n para cumplir con sus principios y obligaciones, comentar\u00edamos tambi\u00e9n tanto la posibilidad t\u00e9cnica-jur\u00eddica como la intenci\u00f3n del estado mexicano de firmar este Tratado. Lo anterior, considerando que M\u00e9xico particip\u00f3 como Estado Observador del&nbsp;<a href=\"https:\/\/nam11.safelinks.protection.outlook.com\/?url=https%3A%2F%2Fwww.coe.int%2Fen%2Fweb%2Fartificial-intelligence%2Fcai&amp;data=05%7C02%7Cplorenzo%40basham.com.mx%7C86fe3b3856b640377f1808dc78fd5432%7Ca966974863594aefbbeec87a87a097c4%7C0%7C0%7C638518276649389407%7CUnknown%7CTWFpbGZsb3d8eyJWIjoiMC4wLjAwMDAiLCJQIjoiV2luMzIiLCJBTiI6Ik1haWwiLCJXVCI6Mn0%3D%7C0%7C%7C%7C&amp;sdata=4Yy6xHfUJmYCGSe5F3ax%2B902Puztz4craC%2FD%2FqXx4Fw%3D&amp;reserved=0\">Comit\u00e9 sobre Inteligencia Artificial<\/a>&nbsp;que trabaj\u00f3 en la redacci\u00f3n del documento.<\/p>\n\n\n\n<p class=\"wp-block-paragraph\">La celebraci\u00f3n del Convenio es el reflejo de la relevancia internacional de los derechos humanos y principios democr\u00e1ticos como est\u00e1ndares en la gobernanza de todo sistema de IA.<\/p>\n\n\n\n<p class=\"wp-block-paragraph\">El \u00e1rea de tecnolog\u00edas de la informaci\u00f3n y protecci\u00f3n de datos de nuestra firma queda a sus \u00f3rdenes.<\/p>\n\n\n\n<p class=\"wp-block-paragraph\"><\/p>\n\n\n\n<p class=\"has-text-align-center wp-block-paragraph\">ATTENTION:<\/p>\n\n\n\n<p class=\"has-text-align-center wp-block-paragraph\">Adolfo Athi\u00e9 <\/p>\n\n\n\n<p class=\"has-text-align-center wp-block-paragraph\"><a href=\"mailto:aathie@basham.com.mx\">aathie@basham.com.mx<\/a><\/p>\n\n\n\n<p class=\"has-text-align-center wp-block-paragraph\">Renata Denisse Buer\u00f3n<\/p>\n\n\n\n<p class=\"has-text-align-center wp-block-paragraph\"><a href=\"mailto:rbueron@basham.com.mx\">rbueron@basham.com.mx<\/a><\/p>\n\n\n\n<p class=\"has-text-align-center wp-block-paragraph\">Erika Itzel Rodr\u00edguez<\/p>\n\n\n\n<p class=\"has-text-align-center wp-block-paragraph\"><a href=\"mailto:erodriguez@basham.com.mx\">erodriguez@basham.com.mx<\/a><\/p>\n\n\n\n<p class=\"has-text-align-center wp-block-paragraph\">Ivan Garc\u00eda<\/p>\n\n\n\n<p class=\"has-text-align-center wp-block-paragraph\"><a href=\"mailto:igarcia@basham.com.mx\">igarcia@basham.com.mx<\/a><\/p>","protected":false},"excerpt":{"rendered":"<p>Ciudad de M\u00e9xico 20 de mayo 2024 El&nbsp;Convenio Marco del Consejo de Europa sobre Inteligencia Artificial y derechos humanos, democracia y Estado de derecho, ha sido adoptado en Estrasburgo durante la reuni\u00f3n ministerial anual del Comit\u00e9 de Ministros del Consejo de Europa, que re\u00fane a los ministros de Asuntos Exteriores de los 46 Estados miembros [&hellip;]<\/p>","protected":false},"author":15,"featured_media":0,"comment_status":"closed","ping_status":"closed","sticky":false,"template":"","format":"standard","meta":{"_crdt_document":"","footnotes":""},"categories":[1325,1267,1263],"tags":[183,328],"class_list":["post-24928","post","type-post","status-publish","format-standard","hentry","category-intellectual-property-en-2","category-intellectual-property","category-propiedad-intelectual","tag-espanol","tag-espanol-en"],"_links":{"self":[{"href":"https:\/\/basham.com.mx\/en\/wp-json\/wp\/v2\/posts\/24928","targetHints":{"allow":["GET"]}}],"collection":[{"href":"https:\/\/basham.com.mx\/en\/wp-json\/wp\/v2\/posts"}],"about":[{"href":"https:\/\/basham.com.mx\/en\/wp-json\/wp\/v2\/types\/post"}],"author":[{"embeddable":true,"href":"https:\/\/basham.com.mx\/en\/wp-json\/wp\/v2\/users\/15"}],"replies":[{"embeddable":true,"href":"https:\/\/basham.com.mx\/en\/wp-json\/wp\/v2\/comments?post=24928"}],"version-history":[{"count":3,"href":"https:\/\/basham.com.mx\/en\/wp-json\/wp\/v2\/posts\/24928\/revisions"}],"predecessor-version":[{"id":24934,"href":"https:\/\/basham.com.mx\/en\/wp-json\/wp\/v2\/posts\/24928\/revisions\/24934"}],"wp:attachment":[{"href":"https:\/\/basham.com.mx\/en\/wp-json\/wp\/v2\/media?parent=24928"}],"wp:term":[{"taxonomy":"category","embeddable":true,"href":"https:\/\/basham.com.mx\/en\/wp-json\/wp\/v2\/categories?post=24928"},{"taxonomy":"post_tag","embeddable":true,"href":"https:\/\/basham.com.mx\/en\/wp-json\/wp\/v2\/tags?post=24928"}],"curies":[{"name":"wp","href":"https:\/\/api.w.org\/{rel}","templated":true}]}}