{"id":26032,"date":"2025-02-10T17:26:16","date_gmt":"2025-02-10T17:26:16","guid":{"rendered":"https:\/\/basham.com.mx\/?p=26032"},"modified":"2025-02-10T17:26:17","modified_gmt":"2025-02-10T17:26:17","slug":"plan-de-fortalecimiento-y-expansion-del-sistema-electrico-nacional-2025-2030","status":"publish","type":"post","link":"https:\/\/basham.com.mx\/en\/plan-de-fortalecimiento-y-expansion-del-sistema-electrico-nacional-2025-2030\/","title":{"rendered":"Plan de Fortalecimiento y Expansi\u00f3n del Sistema El\u00e9ctrico Nacional 2025-2030"},"content":{"rendered":"<p class=\"has-text-align-right wp-block-paragraph\">Ciudad de M\u00e9xico, a 10 de Febrero 2025.<\/p>\n\n\n\n<p class=\"wp-block-paragraph\">La presidenta Claudia Sheinbaum present\u00f3 el plan de fortalecimiento y expansi\u00f3n del sistema el\u00e9ctrico nacional 2025-2030 (el \u201c<strong><u>Plan<\/u><\/strong>\u201d), con el objetivo de incrementar capacidad de generaci\u00f3n, reforzar infraestructura actual de transmisi\u00f3n y distribuci\u00f3n, y acelerar transici\u00f3n hacia fuentes de energ\u00eda limpia. Los puntos m\u00e1s relevantes del Plan son los siguientes:<\/p>\n\n\n\n<p class=\"wp-block-paragraph\"><strong><u>145 proyectos de transmisi\u00f3n instruidos a CFE.<\/u><\/strong><\/p>\n\n\n\n<ul class=\"wp-block-list\">\n<li>65 proyectos programados a partir de 2025 para expandir la RNT, con inversi\u00f3n de 46,611 millones de pesos.<\/li>\n<\/ul>\n\n\n\n<ul class=\"wp-block-list\">\n<li>80 proyectos para modernizar la Red Nacional de Transmisi\u00f3n (\u201c<strong><u>RNT<\/u><\/strong>\").<\/li>\n<\/ul>\n\n\n\n<p class=\"wp-block-paragraph\"><br><strong><u>Plan de expansi\u00f3n de la CFE 2025-2030.<\/u><\/strong><\/p>\n\n\n\n<ul class=\"wp-block-list\">\n<li>Inversi\u00f3n estimada de 22,377 millones de d\u00f3lares para generar 22,674 MW, mediante los siguientes proyectos:<ul><li><strong>7 proyectos e\u00f3licos 2027-2028:<\/strong> inversi\u00f3n de 3,253 millones de d\u00f3lares con 2,470 MW.<\/li><\/ul><ul><li><strong>9 proyectos solares fotovoltaicos 2027-2028<\/strong>: inversi\u00f3n de 4,909 millones de d\u00f3lares con 4,673 MW.<\/li><\/ul><ul><li><strong>5 proyectos de ciclos combinados 2028-2029:<\/strong> inversi\u00f3n de 2,662 millones de d\u00f3lares con 3,425 MW.<\/li><\/ul><ul><li><strong>3 centrales de cogeneraci\u00f3n con Pemex 2029-2030:<\/strong> inversi\u00f3n de 2,059 millones de d\u00f3lares con 2,422 MW.<\/li><\/ul><ul><li><strong>26 proyectos por concluir 2025-2027:<\/strong> inversi\u00f3n de 6,796 millones de d\u00f3lares con 7,228 MW.<\/li><\/ul><ul><li><strong>Sistema de almacenamiento de bater\u00edas 2029-2030: <\/strong>inversi\u00f3n de 2,328 millones de d\u00f3lares con 2,216 MW.<\/li><\/ul>\n<ul class=\"wp-block-list\">\n<li><strong>Aportaci\u00f3n del sector privado:<\/strong> 6,400 MW de capacidad limpia.<\/li>\n<\/ul>\n<\/li>\n<\/ul>\n\n\n\n<p class=\"wp-block-paragraph\"><br><strong><u>Primera etapa de ampliaci\u00f3n de capacidad instalada 2027-2030.<\/u><\/strong><\/p>\n\n\n\n<ul class=\"wp-block-list\">\n<li>12 proyectos en tecnolog\u00eda fotovoltaica, almacenamiento de bater\u00edas, ciclos combinados y combusti\u00f3n interna, con capacidad de 5,912 MW e inversi\u00f3n estimada de 5,465 millones de d\u00f3lares.<\/li>\n<\/ul>\n\n\n\n<p class=\"wp-block-paragraph\"><br><strong><u>Segunda etapa de ampliaci\u00f3n de capacidad instalada 2027-2028.<\/u><\/strong><\/p>\n\n\n\n<ul class=\"wp-block-list\">\n<li>Proyectos de centrales e\u00f3licas y sistemas de almacenamiento de bater\u00edas, con una capacidad de generaci\u00f3n de 3,211 MW mediante una inversi\u00f3n estimada de 4,204 millones de d\u00f3lares.<\/li>\n<\/ul>\n\n\n\n<p class=\"wp-block-paragraph\"><br><strong><u>Plan de expansi\u00f3n en distribuci\u00f3n 2025-2030.<\/u><\/strong><\/p>\n\n\n\n<ul class=\"wp-block-list\">\n<li>Inversi\u00f3n de 3,600 millones de d\u00f3lares para modernizar redes de distribuci\u00f3n, mediante (i) 86 ampliaciones y nuevas subestaciones el\u00e9ctricas, (ii) 63 modernizaciones de transformadores y alimentadores, y (iii) 36,966 electrificaciones con redes convencionales y m\u00f3dulos solares.<\/li>\n<\/ul>\n\n\n\n<p class=\"wp-block-paragraph\"><br><strong><u>Licitaciones p\u00fablicas durante el primer cuatrimestre de 2025.<\/u><\/strong><\/p>\n\n\n\n<figure class=\"wp-block-table\"><table class=\"has-fixed-layout\"><tbody><tr><td><strong>Tecnolog\u00eda.<\/strong><strong><\/strong><\/td><td><strong>Proyecto.<\/strong><strong><\/strong><\/td><td><strong>Inversi\u00f3n estimada.<\/strong><strong><\/strong><\/td><td><strong>Capacidad.<\/strong><strong><\/strong><\/td><\/tr><tr><td rowspan=\"2\"><strong>Ciclos combinados<\/strong>.<\/td><td>Francisco P\u00e9rez R\u00edos, Tula II.<\/td><td>777 millones de d\u00f3lares.<\/td><td>879 MW.<\/td><\/tr><tr><td>Salamanca II.<\/td><td>405 millones de d\u00f3lares.<\/td><td>879 MW.<\/td><\/tr><tr><td rowspan=\"2\"><strong>Fotovoltaica.<\/strong><\/td><td>Puerto Pe\u00f1asco Secuencia III y IV.<\/td><td rowspan=\"2\">522 millones de d\u00f3lares.<\/td><td rowspan=\"2\">580 MW.<\/td><\/tr><tr><td>Puerto Pe\u00f1asco Secuencia IV.<\/td><\/tr><tr><td><strong>Almacenamiento de bater\u00edas.<\/strong><\/td><td>Puerto Pe\u00f1asco III y IV.<\/td><td>223 millones de d\u00f3lares.<\/td><td>199 MW.<\/td><\/tr><tr><td><strong>Combusti\u00f3n interna.<\/strong><\/td><td>Los Cabos.<\/td><td>370 millones de d\u00f3lares.<\/td><td>240 MW.<\/td><\/tr><tr><td><strong>Inversi\u00f3n total.<\/strong><strong><\/strong><\/td><td colspan=\"3\"><strong>2,297 millones de d\u00f3lares.<\/strong><strong><u><\/u><\/strong><\/td><\/tr><\/tbody><\/table><\/figure>\n\n\n\n<p class=\"wp-block-paragraph\">Los abogados de la pr\u00e1ctica de energ\u00eda e infraestructura de nuestra firma, estamos a sus \u00f3rdenes para cualquier duda o comentario al respecto.<\/p>\n\n\n\n<p class=\"has-text-align-center wp-block-paragraph\">Sincerely yours, <\/p>\n\n\n\n<p class=\"has-text-align-center wp-block-paragraph\">Juan Carlos Serra<\/p>\n\n\n\n<p class=\"has-text-align-center wp-block-paragraph\"><a href=\"mailto:serra@basham.com.mx\">serra@basham.com.mx<\/a><\/p>\n\n\n\n<p class=\"has-text-align-center wp-block-paragraph\">Pablo Nosti Herrera<\/p>\n\n\n\n<p class=\"has-text-align-center wp-block-paragraph\"><a href=\"mailto:pnosti@basham.com.mx\">pnosti@basham.com.mx<\/a><\/p>\n\n\n\n<p class=\"has-text-align-center wp-block-paragraph\">Pamela Salas Garc\u00eda<\/p>\n\n\n\n<p class=\"has-text-align-center wp-block-paragraph\"><a href=\"mailto:psalas@basham.com.mx\">psalas@basham.com.mx<\/a><\/p>\n\n\n\n<p class=\"has-text-align-center wp-block-paragraph\">Iv\u00e1n S\u00e1nchez L\u00f3pez<\/p>\n\n\n\n<p class=\"has-text-align-center wp-block-paragraph\"><a href=\"mailto:isanchez@basham.com.mx\">isanchez@basham.com.mx<\/a><\/p>\n\n\n\n<p class=\"has-text-align-center wp-block-paragraph\">Paola Arcos Seoane<\/p>\n\n\n\n<p class=\"has-text-align-center wp-block-paragraph\"><a href=\"mailto:parcos@basham.com.mx\">parcos@basham.com.mx<\/a><\/p>\n\n\n\n<p class=\"wp-block-paragraph\"><\/p>","protected":false},"excerpt":{"rendered":"<p>Ciudad de M\u00e9xico, a 10 de Febrero 2025. La presidenta Claudia Sheinbaum present\u00f3 el plan de fortalecimiento y expansi\u00f3n del sistema el\u00e9ctrico nacional 2025-2030 (el \u201cPlan\u201d), con el objetivo de incrementar capacidad de generaci\u00f3n, reforzar infraestructura actual de transmisi\u00f3n y distribuci\u00f3n, y acelerar transici\u00f3n hacia fuentes de energ\u00eda limpia. Los puntos m\u00e1s relevantes del Plan [&hellip;]<\/p>","protected":false},"author":16,"featured_media":0,"comment_status":"closed","ping_status":"closed","sticky":false,"template":"","format":"standard","meta":{"_crdt_document":"","footnotes":""},"categories":[1282,1258],"tags":[328],"class_list":["post-26032","post","type-post","status-publish","format-standard","hentry","category-energia","category-infraestructura","tag-espanol-en"],"_links":{"self":[{"href":"https:\/\/basham.com.mx\/en\/wp-json\/wp\/v2\/posts\/26032","targetHints":{"allow":["GET"]}}],"collection":[{"href":"https:\/\/basham.com.mx\/en\/wp-json\/wp\/v2\/posts"}],"about":[{"href":"https:\/\/basham.com.mx\/en\/wp-json\/wp\/v2\/types\/post"}],"author":[{"embeddable":true,"href":"https:\/\/basham.com.mx\/en\/wp-json\/wp\/v2\/users\/16"}],"replies":[{"embeddable":true,"href":"https:\/\/basham.com.mx\/en\/wp-json\/wp\/v2\/comments?post=26032"}],"version-history":[{"count":2,"href":"https:\/\/basham.com.mx\/en\/wp-json\/wp\/v2\/posts\/26032\/revisions"}],"predecessor-version":[{"id":26036,"href":"https:\/\/basham.com.mx\/en\/wp-json\/wp\/v2\/posts\/26032\/revisions\/26036"}],"wp:attachment":[{"href":"https:\/\/basham.com.mx\/en\/wp-json\/wp\/v2\/media?parent=26032"}],"wp:term":[{"taxonomy":"category","embeddable":true,"href":"https:\/\/basham.com.mx\/en\/wp-json\/wp\/v2\/categories?post=26032"},{"taxonomy":"post_tag","embeddable":true,"href":"https:\/\/basham.com.mx\/en\/wp-json\/wp\/v2\/tags?post=26032"}],"curies":[{"name":"wp","href":"https:\/\/api.w.org\/{rel}","templated":true}]}}