{"id":27878,"date":"2026-09-02T11:26:57","date_gmt":"2026-09-02T17:26:57","guid":{"rendered":"https:\/\/basham.com.mx\/?p=27878"},"modified":"2026-09-02T11:29:06","modified_gmt":"2026-09-02T17:29:06","slug":"acuerdo-de-simplificacion-de-tramites-ante-la-stps","status":"publish","type":"post","link":"https:\/\/basham.com.mx\/en\/acuerdo-de-simplificacion-de-tramites-ante-la-stps\/","title":{"rendered":"Acuerdo de simplificaci\u00f3n de tr\u00e1mites ante la STPS"},"content":{"rendered":"<p class=\"has-text-align-right wp-block-paragraph\">2 de Septiembre de 2026<\/p>\n\n\n\n<figure class=\"wp-block-image size-large\"><img fetchpriority=\"high\" decoding=\"async\" width=\"1024\" height=\"512\" src=\"https:\/\/basham.com.mx\/wp-content\/uploads\/2026\/09\/14.-2026-09-01-Boletin-Acuerdo-de-simplificacion-de-tramites-ante-la-STPS-1024x512.png\" alt=\"\" class=\"wp-image-27879\" srcset=\"https:\/\/basham.com.mx\/wp-content\/uploads\/2026\/09\/14.-2026-09-01-Boletin-Acuerdo-de-simplificacion-de-tramites-ante-la-STPS-1024x512.png 1024w, https:\/\/basham.com.mx\/wp-content\/uploads\/2026\/09\/14.-2026-09-01-Boletin-Acuerdo-de-simplificacion-de-tramites-ante-la-STPS-300x150.png 300w, https:\/\/basham.com.mx\/wp-content\/uploads\/2026\/09\/14.-2026-09-01-Boletin-Acuerdo-de-simplificacion-de-tramites-ante-la-STPS-768x384.png 768w, https:\/\/basham.com.mx\/wp-content\/uploads\/2026\/09\/14.-2026-09-01-Boletin-Acuerdo-de-simplificacion-de-tramites-ante-la-STPS-18x9.png 18w, https:\/\/basham.com.mx\/wp-content\/uploads\/2026\/09\/14.-2026-09-01-Boletin-Acuerdo-de-simplificacion-de-tramites-ante-la-STPS-1536x768.png 1536w, https:\/\/basham.com.mx\/wp-content\/uploads\/2026\/09\/14.-2026-09-01-Boletin-Acuerdo-de-simplificacion-de-tramites-ante-la-STPS.png 1774w\" sizes=\"(max-width: 1024px) 100vw, 1024px\" \/><\/figure>\n\n\n\n<p class=\"wp-block-paragraph\">El pasado 31 de agosto de 2026 se public\u00f3 en el Diario Oficial de la Federaci\u00f3n el <em>Acuerdo por el que se establecen acciones de simplificaci\u00f3n para tr\u00e1mites que se realizan ante la Secretar\u00eda del Trabajo y Previsi\u00f3n Social<\/em>. El Acuerdo entra en vigor el d\u00eda h\u00e1bil siguiente a su publicaci\u00f3n y busca reducir cargas administrativas, eliminar requisitos redundantes y acelerar los tiempos de respuesta en cuatro tr\u00e1mites relacionados con seguridad en el trabajo establecidos en la NOM-020-STPS-2011 y el trabajo a domicilio.<\/p>\n\n\n\n<p class=\"wp-block-paragraph\">La NOM-020-STPS-2011 aplica en todos los centros de trabajo en donde operen recipientes sujetos a presi\u00f3n, recipientes criog\u00e9nicos y generadores de vapor o calderas. En cuanto a los requisitos para los avisos de cumplimiento de dicha NOM, se elimina la obligaci\u00f3n de presentar carta poder del representante legal y poder notarial, as\u00ed como el escrito libre de solicitud que antes se exig\u00eda para el registro de patrones de sus recipientes sujetos a presi\u00f3n.<\/p>\n\n\n\n<p class=\"wp-block-paragraph\">Adem\u00e1s, se fusionaron los siguientes tr\u00e1mites: los dos avisos de la NOM-020 (STPS-08-002 y STPS-08-003) quedan unificados como \u00abSolicitud de n\u00famero de&nbsp;control para el funcionamiento de los recipientes sujetos a&nbsp;presi\u00f3n, recipientes criog\u00e9nicos y generadores de vapor o&nbsp;calderas, clasificados en la categor\u00eda III&nbsp;(NOM-020-STPS-2011)\u00bb bajo la homoclave STPS-08-003, y los tr\u00e1mites de registro de patrones y validaci\u00f3n de trabajadores a domicilio (STPS-08-006 y STPS-08-007) se fusionan en la \u00abSolicitud de n\u00famero de&nbsp;control para el funcionamiento de los recipientes sujetos a&nbsp;presi\u00f3n, recipientes criog\u00e9nicos y generadores de vapor o&nbsp;calderas, clasificados en la categor\u00eda III&nbsp;(NOM-020-STPS-2011)\u00bb, homoclave STPS-08-006.<\/p>\n\n\n\n<p class=\"wp-block-paragraph\">El nuevo tr\u00e1mite de recipientes sujetos a presi\u00f3n (categor\u00eda III) requiere:<\/p>\n\n\n\n<ol class=\"wp-block-list\">\n<li>Formato de solicitud;<\/li>\n\n\n\n<li>Dictamen de evaluaci\u00f3n de la conformidad;<\/li>\n\n\n\n<li>Identificaci\u00f3n oficial del patr\u00f3n o representante legal;<\/li>\n\n\n\n<li>En caso de que se presente por medio de representante legal, debe exhibirse tambi\u00e9n el documento vigente que acredite su personalidad jur\u00eddica.<\/li>\n<\/ol>\n\n\n\n<p class=\"wp-block-paragraph\"><\/p>\n\n\n\n<p class=\"wp-block-paragraph\">Los tiempos de resoluci\u00f3n se reducen considerablemente. El n\u00famero de control para recipientes categor\u00eda III se redujo a 5 d\u00edas h\u00e1biles, debiendo solicitarse con al menos 5 d\u00edas h\u00e1biles de anticipaci\u00f3n a la puesta en funcionamiento del equipo o dentro de los 60 d\u00edas naturales previos al vencimiento, en caso de renovaci\u00f3n.<\/p>\n\n\n\n<p class=\"wp-block-paragraph\">El Acuerdo tambi\u00e9n precisa que la Secretar\u00eda de Trabajo y Previsi\u00f3n Social no podr\u00e1 exigir documentaci\u00f3n que ella misma haya emitido, copias simples ni requisitos adicionales a los ahora listados.<\/p>\n\n\n\n<p class=\"wp-block-paragraph\">En conclusi\u00f3n, la relevancia pr\u00e1ctica es doble: por un lado, simplifica y acelera los procesos que antes eran especialmente lentos, y por otro, reduce el riesgo de rechazo por documentaci\u00f3n innecesaria al eliminar requisitos que ya no podr\u00e1n solicitarse.<\/p>\n\n\n\n<p class=\"wp-block-paragraph\">Se recomienda a las empresas actualizar sus registros internos conforme a las nuevas homoclaves y requisitos, y dar seguimiento a los ajustes que la Secretar\u00eda deber\u00e1 realizar en el Portal Ciudadano \u00danico de Tr\u00e1mites y Servicios en el plazo de un a\u00f1o que marca el Acuerdo.<\/p>\n\n\n\n<p class=\"wp-block-paragraph\">Este bolet\u00edn fue preparado por el \u00e1rea Laboral con el apoyo de Regina Torres-Septi\u00e9n.<\/p>\n\n\n\n<p class=\"wp-block-paragraph\">Los abogados que integramos el \u00e1rea de Laboral de Basham, Ringe y Correa, S.C., nos reiteramos a sus \u00f3rdenes en caso de que tengan alguna duda o comentario.<\/p>\n\n\n\n<p class=\"wp-block-paragraph\"><\/p>","protected":false},"excerpt":{"rendered":"<p>2 de Septiembre de 2026 El pasado 31 de agosto de 2026 se public\u00f3 en el Diario Oficial de la Federaci\u00f3n el Acuerdo por el que se establecen acciones de simplificaci\u00f3n para tr\u00e1mites que se realizan ante la Secretar\u00eda del Trabajo y Previsi\u00f3n Social. El Acuerdo entra en vigor el d\u00eda h\u00e1bil siguiente a su [&hellip;]<\/p>","protected":false},"author":20,"featured_media":0,"comment_status":"closed","ping_status":"closed","sticky":false,"template":"","format":"standard","meta":{"footnotes":""},"categories":[1],"tags":[245,240],"class_list":["post-27878","post","type-post","status-publish","format-standard","hentry","category-uncategorized","tag-labor","tag-laboral"],"_links":{"self":[{"href":"https:\/\/basham.com.mx\/en\/wp-json\/wp\/v2\/posts\/27878","targetHints":{"allow":["GET"]}}],"collection":[{"href":"https:\/\/basham.com.mx\/en\/wp-json\/wp\/v2\/posts"}],"about":[{"href":"https:\/\/basham.com.mx\/en\/wp-json\/wp\/v2\/types\/post"}],"author":[{"embeddable":true,"href":"https:\/\/basham.com.mx\/en\/wp-json\/wp\/v2\/users\/20"}],"replies":[{"embeddable":true,"href":"https:\/\/basham.com.mx\/en\/wp-json\/wp\/v2\/comments?post=27878"}],"version-history":[{"count":2,"href":"https:\/\/basham.com.mx\/en\/wp-json\/wp\/v2\/posts\/27878\/revisions"}],"predecessor-version":[{"id":27884,"href":"https:\/\/basham.com.mx\/en\/wp-json\/wp\/v2\/posts\/27878\/revisions\/27884"}],"wp:attachment":[{"href":"https:\/\/basham.com.mx\/en\/wp-json\/wp\/v2\/media?parent=27878"}],"wp:term":[{"taxonomy":"category","embeddable":true,"href":"https:\/\/basham.com.mx\/en\/wp-json\/wp\/v2\/categories?post=27878"},{"taxonomy":"post_tag","embeddable":true,"href":"https:\/\/basham.com.mx\/en\/wp-json\/wp\/v2\/tags?post=27878"}],"curies":[{"name":"wp","href":"https:\/\/api.w.org\/{rel}","templated":true}]}}